{"id":30234,"date":"2022-08-04T06:58:02","date_gmt":"2022-08-04T09:58:02","guid":{"rendered":"https:\/\/actualizateiguazu.com\/v3\/?p=30234"},"modified":"2022-08-04T06:58:05","modified_gmt":"2022-08-04T09:58:05","slug":"ajustaran-subsidios-y-habra-regimen-especial-para-el-agro","status":"publish","type":"post","link":"https:\/\/actualizateiguazu.com\/v3\/2022\/08\/04\/ajustaran-subsidios-y-habra-regimen-especial-para-el-agro\/","title":{"rendered":"Ajustar\u00e1n subsidios y habr\u00e1 r\u00e9gimen especial para el agro"},"content":{"rendered":"\n<p>Despu\u00e9s de jurar como titular de la cartera de Econom\u00eda, el flamante ministro Sergio Massa anunci\u00f3 anoche en conferencia las primeras medidas econ\u00f3micas destinadas a frenar la crisis. En un contexto en el que el d\u00f3lar blue ronda los 300 pesos, la inflaci\u00f3n contin\u00faa muy alta y el Banco Central contin\u00faa vendiendo reservas, el \u201csuperministro\u201d apunt\u00f3 a acomodar el panorama econ\u00f3mico.<\/p>\n\n\n\n<p>\u201cEl contexto global se puede transformar en una enorme oportunidad para Argentina\u201d, dijo el ministro y ejemplific\u00f3 las situaciones de varios pa\u00edses de Europa que por la crisis energ\u00e9tica y alimentaria mundial que le permitir\u00e1n a Argentina \u201ctransformarse en un gran jugador si se lo propone\u201d.<\/p>\n\n\n\n<p>\u201cNo soy s\u00faper nada, ni mago ni salvador. Vengo a trabajar de manera muy comprometida. Argentina es un pa\u00eds con recursos en v\u00edas de desarrollo, no un pa\u00eds rico\u201d, declar\u00f3.<\/p>\n\n\n\n<p>\u201cLa inflaci\u00f3n es la mayor f\u00e1brica de pobreza que puede tener cualquier pa\u00eds\u201d, agreg\u00f3 el ministro, que explic\u00f3 que las medidas apuntan a \u201ccombatir ese flagelo\u201d.<\/p>\n\n\n\n<p>Los principios de las medidas son: orden fiscal, super\u00e1vit comercial, fortalecimiento de reservas y desarrollo con inclusi\u00f3n. En el eje de los motores est\u00e1n: inversi\u00f3n, producci\u00f3n, exportaciones y defensa del mercado interno.<\/p>\n\n\n\n<p>Antes de terminar su conferencia, Massa dio unas \u201cconsideraciones finales\u201d. Adelant\u00f3 que licitar\u00e1n el segundo tramo del gasoducto N\u00e9stor Kirchner y pondr\u00e1n en marcha un programa para formar en los pr\u00f3ximos 12 meses a 70 mil nuevos programadores. Adem\u00e1s, el gobierno lanzar\u00e1 un canje voluntario para los vencimientos en pesos de los pr\u00f3ximos 90 d\u00edas, que finalizar\u00e1 el martes, para el cual \u201cya tienen compromisos de adhesi\u00f3n de m\u00e1s del 60%\u201d.<\/p>\n\n\n\n<p>Adem\u00e1s, convoc\u00f3 al Congreso a tratar r\u00e1pidamente las leyes que benefician en t\u00e9rminos impositivos a la construcci\u00f3n, a la bio y nanotecnolog\u00eda, a la agroindustria y a la industria automotriz, \u201cporque son grandes generadores de empleo y crecimiento\u201d.<\/p>\n\n\n\n<p>Finalmente, llam\u00f3 a la Mesa de Enlace a \u201csentarse a trabajar juntos para el desarrollo de ese sector tan potente que integran los productores argentinos\u201d.<\/p>\n\n\n\n<p>Previo al discurso de ayer, Massa hab\u00eda anunciado ya gran parte de su equipo econ\u00f3mico, entre los que se destacan la vuelta de Jos\u00e9 de Mendiguren como Secretario de Producci\u00f3n y la llegada de Juan Jos\u00e9 Bahillo a la Secretar\u00eda de Agricultura. De hecho, estas dos carteras eran antes los ministerios que conduc\u00edan Daniel Scioli y Juli\u00e1n Dom\u00ednguez, que fueron absorbidos por el nuevo Ministerio de Econom\u00eda.<\/p>\n\n\n\n<p>La renuncia de Massa a su presidencia en la C\u00e1mara de Diputados fue aceptada formalmente el martes, en un clima de celebraci\u00f3n y con gran apoyo del Frente de Todos. Al frente de la C\u00e1mara baja qued\u00f3 ahora Cecilia Moreau, la primera presidenta mujer de ese \u00f3rgano legislativo.<\/p>\n\n\n\n<p><strong>\u201cUna gran oportunidad\u201d<\/strong><\/p>\n\n\n\n<p>El presidente Alberto Fern\u00e1ndez le tom\u00f3 juramento a Sergio Massa como ministro de Econom\u00eda durante un acto en el que asegur\u00f3 que su gobierno inicia \u201cuna nueva etapa\u201d y convoc\u00f3 a los argentinos a \u201cunir esfuerzos\u201d y no \u201cpasar por alto\u201d una \u201cgran oportunidad\u201d que se abre para el pa\u00eds.<\/p>\n\n\n\n<p>Adem\u00e1s, el presidente elogi\u00f3 la \u201ccapacidad y coraje\u201d de Massa, quien asumi\u00f3 al frente de un renovado ministerio de Econom\u00eda -que desde ayer unific\u00f3 en una sola cartera las \u00e1reas econ\u00f3mico-productivas- y en reemplazo de Silvina Batakis.<\/p>\n\n\n\n<p>\u201cEs un tiempo para que todos, con mucha esperanza, unamos esfuerzos para salir adelante; cuando digo todos, no le hablo solo a mis compa\u00f1eros del Frente de Todos (FdT), cuya unidad para m\u00ed es primordial, sino tambi\u00e9n a todos los argentinos y a todas las argentinas\u201d, expres\u00f3 el presidente, en un mensaje en el que mencion\u00f3 tambi\u00e9n a los empresarios y a los dirigentes sindicales.<\/p>\n\n\n\n<p>\u201cTenemos una gran oportunidad como pa\u00eds, no la dejemos pasar por alto\u201d, complet\u00f3. La ceremonia de jura mostr\u00f3 un contundente respaldo de los distintos sectores de la coalici\u00f3n gobernante y de figuras de peso del \u00e1mbito empresarial y gremial.<\/p>\n\n\n\n<p>El jefe de Estado record\u00f3 que la Argentina y el mundo en general est\u00e1n viviendo un \u201ctiempo muy singular\u201d por las consecuencias de la pandemia de coronavirus y la guerra en Ucrania y en ese marco exhort\u00f3: \u201cA todos les pido&#8230;Tenemos una gran oportunidad como pa\u00eds, no la dejemos pasar por alto\u201d.<\/p>\n\n\n\n<p><strong>Pagar\u00e1n bono de \u201crefuerzo\u201d a jubilados<\/strong><\/p>\n\n\n\n<p>El gobierno, a trav\u00e9s de la Anes, pagar\u00e1 un bono de \u201crefuerzo\u201d para jubilados, con el fin de morigerar los efectos de la inflaci\u00f3n en el poder adquisitivo. As\u00ed lo anunci\u00f3 el ministro de Econom\u00eda, Sergio Massa, en su primera conferencia de prensa en el cargo en la que present\u00f3 sus medidas de inicio de gesti\u00f3n. El bono que pagar\u00e1 Anses a jubilados se aplicar\u00e1 junto al aumento de las jubilaciones de septiembre.<\/p>\n\n\n\n<p>Seg\u00fan anunci\u00f3 Sergio Massa, el pr\u00f3ximo mi\u00e9rcoles 10 de agosto \u201cse va a anunciar el \u00edndice de movilidad jubilatoria con un refuerzo que ayude a los jubilados para superar el da\u00f1o que les produce la inflaci\u00f3n\u201d. Afirm\u00f3 que en los pr\u00f3ximos d\u00edas se reunir\u00e1 con la titular de Anses, Fernanda Raverta, para definir el monto del bono a jubilados y cu\u00e1ndo se pagar\u00e1.<\/p>\n\n\n\n<p>Fuente: El Territorio<\/p>\n","protected":false},"excerpt":{"rendered":"<p>Despu\u00e9s de jurar como titular de la cartera de Econom\u00eda, el flamante ministro Sergio Massa<\/p>\n","protected":false},"author":1,"featured_media":30235,"comment_status":"open","ping_status":"open","sticky":false,"template":"","format":"standard","meta":{"footnotes":""},"categories":[1,227],"tags":[],"class_list":["post-30234","post","type-post","status-publish","format-standard","has-post-thumbnail","hentry","category-actualidad","category-nacionales"],"_links":{"self":[{"href":"https:\/\/actualizateiguazu.com\/v3\/wp-json\/wp\/v2\/posts\/30234","targetHints":{"allow":["GET"]}}],"collection":[{"href":"https:\/\/actualizateiguazu.com\/v3\/wp-json\/wp\/v2\/posts"}],"about":[{"href":"https:\/\/actualizateiguazu.com\/v3\/wp-json\/wp\/v2\/types\/post"}],"author":[{"embeddable":true,"href":"https:\/\/actualizateiguazu.com\/v3\/wp-json\/wp\/v2\/users\/1"}],"replies":[{"embeddable":true,"href":"https:\/\/actualizateiguazu.com\/v3\/wp-json\/wp\/v2\/comments?post=30234"}],"version-history":[{"count":1,"href":"https:\/\/actualizateiguazu.com\/v3\/wp-json\/wp\/v2\/posts\/30234\/revisions"}],"predecessor-version":[{"id":30236,"href":"https:\/\/actualizateiguazu.com\/v3\/wp-json\/wp\/v2\/posts\/30234\/revisions\/30236"}],"wp:featuredmedia":[{"embeddable":true,"href":"https:\/\/actualizateiguazu.com\/v3\/wp-json\/wp\/v2\/media\/30235"}],"wp:attachment":[{"href":"https:\/\/actualizateiguazu.com\/v3\/wp-json\/wp\/v2\/media?parent=30234"}],"wp:term":[{"taxonomy":"category","embeddable":true,"href":"https:\/\/actualizateiguazu.com\/v3\/wp-json\/wp\/v2\/categories?post=30234"},{"taxonomy":"post_tag","embeddable":true,"href":"https:\/\/actualizateiguazu.com\/v3\/wp-json\/wp\/v2\/tags?post=30234"}],"curies":[{"name":"wp","href":"https:\/\/api.w.org\/{rel}","templated":true}]}}