{"id":30264,"date":"2022-08-05T10:51:54","date_gmt":"2022-08-05T13:51:54","guid":{"rendered":"https:\/\/actualizateiguazu.com\/v3\/?p=30264"},"modified":"2022-08-05T10:52:35","modified_gmt":"2022-08-05T13:52:35","slug":"con-el-premio-del-inclusivo-le-comprara-una-cama-a-su-hijo-con-discapacidades","status":"publish","type":"post","link":"https:\/\/actualizateiguazu.com\/v3\/2022\/08\/05\/con-el-premio-del-inclusivo-le-comprara-una-cama-a-su-hijo-con-discapacidades\/","title":{"rendered":"Con el premio del inclusivo le comprar\u00e1 una cama a su hijo con discapacidades"},"content":{"rendered":"\n<p>Walter Gabriel Avellaneda de 10 a\u00f1os vive en Jard\u00edn Am\u00e9rica y es el ganador N\u00b0 79 de IPLyC Social Inclusivo. Carla, su mam\u00e1, manifest\u00f3 su sorpresa por el premio porque desconoc\u00eda la existencia de este programa del IPLyC SE. <strong>\u201cNos llega como una bendici\u00f3n porque mi hijo necesita muchas cosas y nos viene s\u00faper bien. Fue mi pap\u00e1 quien llam\u00f3 para avisarme y qued\u00e9 content\u00edsima, pero creo que pap\u00e1 est\u00e1 m\u00e1s feliz que yo, porque Walter es su primer nieto, lo quiere y lo protege, y est\u00e1 feliz por eso<\/strong>\u201d.<\/p>\n\n\n\n<p>Lo primero que hizo fue contar a su hijo m\u00e1s chico, \u201c<strong>Est\u00e1 contento por el hermano. Lo primero que pens\u00e9 es comprarle una cama, para que est\u00e9 m\u00e1s c\u00f3modo, porque duerme en una cuna. Y despu\u00e9s ver en que se puede invertir el resto, porque necesita leche, medicamentos, pa\u00f1ales, frutas<\/strong>\u201d.<\/p>\n\n\n\n<figure class=\"wp-block-image size-full\"><img loading=\"lazy\" decoding=\"async\" width=\"1000\" height=\"562\" src=\"https:\/\/actualizateiguazu.com\/v3\/wp-content\/uploads\/2022\/08\/Inclusivo-Avellaneda-jamerica.png\" alt=\"\" class=\"wp-image-30267\" srcset=\"https:\/\/actualizateiguazu.com\/v3\/wp-content\/uploads\/2022\/08\/Inclusivo-Avellaneda-jamerica.png 1000w, https:\/\/actualizateiguazu.com\/v3\/wp-content\/uploads\/2022\/08\/Inclusivo-Avellaneda-jamerica-300x169.png 300w, https:\/\/actualizateiguazu.com\/v3\/wp-content\/uploads\/2022\/08\/Inclusivo-Avellaneda-jamerica-768x432.png 768w, https:\/\/actualizateiguazu.com\/v3\/wp-content\/uploads\/2022\/08\/Inclusivo-Avellaneda-jamerica-800x450.png 800w\" sizes=\"auto, (max-width: 1000px) 100vw, 1000px\" \/><\/figure>\n\n\n\n<p>Al referirse a Walter, dijo que \u201c<strong>\u00e9l es como un beb\u00e9. Lo saco a pasear con su chango o con su silla de rueda, pero es complicado porque convulsiona. Vivimos de la pensi\u00f3n por discapacidad y del salario del m\u00e1s chico. Solo cuento con el apoyo de mi familia, mis padres son quienes siempre estuvieron y me ayudaron. No puedo trabajar porque \u00e9l me demanda todo el tiempo, necesita cuidado durante las 24 horas<\/strong>\u201d.<\/p>\n\n\n\n<p>A Carla le gustar\u00eda terminar sus estudios y conseguir un trabajo, \u201cE<strong>l dinero no nos alcanza, pero ten\u00eda 19 a\u00f1os cuando naci\u00f3 Walter, y se complic\u00f3 un poco mi vida. No me dieron esperanzas de vida, pero ya pasaron diez a\u00f1os y soy feliz con \u00e9l y por \u00e9l, y lo disfruto<\/strong>\u201d.<\/p>\n\n\n\n<figure class=\"wp-block-image size-full\"><img loading=\"lazy\" decoding=\"async\" width=\"1000\" height=\"562\" src=\"https:\/\/actualizateiguazu.com\/v3\/wp-content\/uploads\/2022\/08\/Inclusivo-Avellaneda-jamerica2.png\" alt=\"\" class=\"wp-image-30266\" srcset=\"https:\/\/actualizateiguazu.com\/v3\/wp-content\/uploads\/2022\/08\/Inclusivo-Avellaneda-jamerica2.png 1000w, https:\/\/actualizateiguazu.com\/v3\/wp-content\/uploads\/2022\/08\/Inclusivo-Avellaneda-jamerica2-300x169.png 300w, https:\/\/actualizateiguazu.com\/v3\/wp-content\/uploads\/2022\/08\/Inclusivo-Avellaneda-jamerica2-768x432.png 768w, https:\/\/actualizateiguazu.com\/v3\/wp-content\/uploads\/2022\/08\/Inclusivo-Avellaneda-jamerica2-800x450.png 800w\" sizes=\"auto, (max-width: 1000px) 100vw, 1000px\" \/><\/figure>\n\n\n\n<p>Alent\u00f3 a las madres que est\u00e9n pasando por una situaci\u00f3n similar, \u201cque traten de seguir adelante porque, as\u00ed como yo puedo, otras tambi\u00e9n pueden hacerlo. Y que no pierdan las esperanzas que les pueda llegar el premio. Es muy bueno lo que hacen desde el IPLyC SE para ayudar a las personas que necesitan, sobre todo en este momento tan dif\u00edcil. Estoy profundamente agradecida\u201d.<\/p>\n","protected":false},"excerpt":{"rendered":"<p>Walter Gabriel Avellaneda de 10 a\u00f1os vive en Jard\u00edn Am\u00e9rica y es el ganador N\u00b0<\/p>\n","protected":false},"author":1,"featured_media":30265,"comment_status":"open","ping_status":"open","sticky":false,"template":"","format":"standard","meta":{"footnotes":""},"categories":[1,226],"tags":[],"class_list":["post-30264","post","type-post","status-publish","format-standard","has-post-thumbnail","hentry","category-actualidad","category-locales"],"_links":{"self":[{"href":"https:\/\/actualizateiguazu.com\/v3\/wp-json\/wp\/v2\/posts\/30264","targetHints":{"allow":["GET"]}}],"collection":[{"href":"https:\/\/actualizateiguazu.com\/v3\/wp-json\/wp\/v2\/posts"}],"about":[{"href":"https:\/\/actualizateiguazu.com\/v3\/wp-json\/wp\/v2\/types\/post"}],"author":[{"embeddable":true,"href":"https:\/\/actualizateiguazu.com\/v3\/wp-json\/wp\/v2\/users\/1"}],"replies":[{"embeddable":true,"href":"https:\/\/actualizateiguazu.com\/v3\/wp-json\/wp\/v2\/comments?post=30264"}],"version-history":[{"count":2,"href":"https:\/\/actualizateiguazu.com\/v3\/wp-json\/wp\/v2\/posts\/30264\/revisions"}],"predecessor-version":[{"id":30270,"href":"https:\/\/actualizateiguazu.com\/v3\/wp-json\/wp\/v2\/posts\/30264\/revisions\/30270"}],"wp:featuredmedia":[{"embeddable":true,"href":"https:\/\/actualizateiguazu.com\/v3\/wp-json\/wp\/v2\/media\/30265"}],"wp:attachment":[{"href":"https:\/\/actualizateiguazu.com\/v3\/wp-json\/wp\/v2\/media?parent=30264"}],"wp:term":[{"taxonomy":"category","embeddable":true,"href":"https:\/\/actualizateiguazu.com\/v3\/wp-json\/wp\/v2\/categories?post=30264"},{"taxonomy":"post_tag","embeddable":true,"href":"https:\/\/actualizateiguazu.com\/v3\/wp-json\/wp\/v2\/tags?post=30264"}],"curies":[{"name":"wp","href":"https:\/\/api.w.org\/{rel}","templated":true}]}}