{"id":30271,"date":"2022-08-05T11:35:59","date_gmt":"2022-08-05T14:35:59","guid":{"rendered":"https:\/\/actualizateiguazu.com\/v3\/?p=30271"},"modified":"2022-08-05T11:36:57","modified_gmt":"2022-08-05T14:36:57","slug":"el-8-de-agosto-arrancan-las-ferias-de-ciencia-y-tecnologia-departamentales-en-misiones","status":"publish","type":"post","link":"https:\/\/actualizateiguazu.com\/v3\/2022\/08\/05\/el-8-de-agosto-arrancan-las-ferias-de-ciencia-y-tecnologia-departamentales-en-misiones\/","title":{"rendered":"El 8 de agosto arrancan las ferias de ciencia y tecnolog\u00eda departamentales en Misiones"},"content":{"rendered":"\n<p>Con el prop\u00f3sito de facilitar el desarrollo de habilidades, mejorar la concepci\u00f3n de diversos fen\u00f3menos cient\u00edficos y fomentar investigaciones de impacto social, el Programa Provincial de Actividades Cient\u00edficas y Tecnol\u00f3gicas (ProPACyT) comparte el cronograma de ferias de ciencias zonales\/departamentales que se llevar\u00e1 adelante en la provincia, en todos los niveles y modalidades del sistema educativo.<\/p>\n\n\n\n<p>Todos los eventos ser\u00e1n presenciales y buscar\u00e1n que los estudiantes aprendan, se diviertan, conozcan sobre distintos temas cient\u00edficos, mejoren su autoestima, refuercen su autonom\u00eda, y con lo aprendido puedan accionar o concientizar sobre distintas problem\u00e1ticas. Al finalizar esta instancia se elegir\u00e1n proyectos para las instancias provincial y nacional.<\/p>\n\n\n\n<figure class=\"wp-block-image size-large\"><img loading=\"lazy\" decoding=\"async\" width=\"1024\" height=\"1024\" src=\"https:\/\/actualizateiguazu.com\/v3\/wp-content\/uploads\/2022\/08\/WhatsApp-Image-2022-08-05-at-10.54.30-AM-1024x1024.jpeg\" alt=\"\" class=\"wp-image-30272\" srcset=\"https:\/\/actualizateiguazu.com\/v3\/wp-content\/uploads\/2022\/08\/WhatsApp-Image-2022-08-05-at-10.54.30-AM-1024x1024.jpeg 1024w, https:\/\/actualizateiguazu.com\/v3\/wp-content\/uploads\/2022\/08\/WhatsApp-Image-2022-08-05-at-10.54.30-AM-300x300.jpeg 300w, https:\/\/actualizateiguazu.com\/v3\/wp-content\/uploads\/2022\/08\/WhatsApp-Image-2022-08-05-at-10.54.30-AM-150x150.jpeg 150w, https:\/\/actualizateiguazu.com\/v3\/wp-content\/uploads\/2022\/08\/WhatsApp-Image-2022-08-05-at-10.54.30-AM-768x768.jpeg 768w, https:\/\/actualizateiguazu.com\/v3\/wp-content\/uploads\/2022\/08\/WhatsApp-Image-2022-08-05-at-10.54.30-AM.jpeg 1080w\" sizes=\"auto, (max-width: 1024px) 100vw, 1024px\" \/><\/figure>\n\n\n\n<p>Esta feria de innovaci\u00f3n educativa es transversal a todo el sistema educativo, y se presenta como un dispositivo did\u00e1ctico y pedag\u00f3gico invaluable para el abordaje de contenidos variados y para la resoluci\u00f3n de problem\u00e1ticas contextualizadas. Se espera una participaci\u00f3n de m\u00e1s del 95% de las escuelas de la provincia. El equipo de ProPACyT acompa\u00f1a la realizaci\u00f3n de estas celebraciones de la divulgaci\u00f3n cient\u00edfica, ponderando el esfuerzo de la comunidad educativa.<\/p>\n","protected":false},"excerpt":{"rendered":"<p>Con el prop\u00f3sito de facilitar el desarrollo de habilidades, mejorar la concepci\u00f3n de diversos fen\u00f3menos<\/p>\n","protected":false},"author":1,"featured_media":30273,"comment_status":"open","ping_status":"open","sticky":false,"template":"","format":"standard","meta":{"footnotes":""},"categories":[1,229],"tags":[],"class_list":["post-30271","post","type-post","status-publish","format-standard","has-post-thumbnail","hentry","category-actualidad","category-provinciales"],"_links":{"self":[{"href":"https:\/\/actualizateiguazu.com\/v3\/wp-json\/wp\/v2\/posts\/30271","targetHints":{"allow":["GET"]}}],"collection":[{"href":"https:\/\/actualizateiguazu.com\/v3\/wp-json\/wp\/v2\/posts"}],"about":[{"href":"https:\/\/actualizateiguazu.com\/v3\/wp-json\/wp\/v2\/types\/post"}],"author":[{"embeddable":true,"href":"https:\/\/actualizateiguazu.com\/v3\/wp-json\/wp\/v2\/users\/1"}],"replies":[{"embeddable":true,"href":"https:\/\/actualizateiguazu.com\/v3\/wp-json\/wp\/v2\/comments?post=30271"}],"version-history":[{"count":2,"href":"https:\/\/actualizateiguazu.com\/v3\/wp-json\/wp\/v2\/posts\/30271\/revisions"}],"predecessor-version":[{"id":30275,"href":"https:\/\/actualizateiguazu.com\/v3\/wp-json\/wp\/v2\/posts\/30271\/revisions\/30275"}],"wp:featuredmedia":[{"embeddable":true,"href":"https:\/\/actualizateiguazu.com\/v3\/wp-json\/wp\/v2\/media\/30273"}],"wp:attachment":[{"href":"https:\/\/actualizateiguazu.com\/v3\/wp-json\/wp\/v2\/media?parent=30271"}],"wp:term":[{"taxonomy":"category","embeddable":true,"href":"https:\/\/actualizateiguazu.com\/v3\/wp-json\/wp\/v2\/categories?post=30271"},{"taxonomy":"post_tag","embeddable":true,"href":"https:\/\/actualizateiguazu.com\/v3\/wp-json\/wp\/v2\/tags?post=30271"}],"curies":[{"name":"wp","href":"https:\/\/api.w.org\/{rel}","templated":true}]}}