{"id":30516,"date":"2022-08-13T16:13:16","date_gmt":"2022-08-13T19:13:16","guid":{"rendered":"https:\/\/actualizateiguazu.com\/v3\/?p=30516"},"modified":"2022-08-13T16:14:54","modified_gmt":"2022-08-13T19:14:54","slug":"este-sabado-parte-de-puerto-libertad-la-peregrinacion-de-la-virgen-santa-maria-del-iguazu","status":"publish","type":"post","link":"https:\/\/actualizateiguazu.com\/v3\/2022\/08\/13\/este-sabado-parte-de-puerto-libertad-la-peregrinacion-de-la-virgen-santa-maria-del-iguazu\/","title":{"rendered":"Este s\u00e1bado parte de Puerto Libertad la peregrinaci\u00f3n de la virgen Santa Mar\u00eda del Iguaz\u00fa"},"content":{"rendered":"\n<p class=\"wp-block-paragraph\">Este fin de semana, los fieles de Puerto Iguaz\u00fa renovaran su historia de amor m\u00e1s arraigada y profunda, y camin\u00f3 hasta el santuario de Santa Mar\u00eda del Yguaz\u00fa por trig\u00e9simo cuarto a\u00f1o. Si bien como todas las celebraciones se vio interrumpida por la pandemia, el a\u00f1o pasado la tradicional peregrinaci\u00f3n se realiz\u00f3 con la participaci\u00f3n de 300 personas, se espera que este s\u00e1bado este numero se multiplique.<\/p>\n\n\n\n<p class=\"wp-block-paragraph\"><strong>La peregrinaci\u00f3n partir\u00e1 este s\u00e1bado a las 22hs, desde la Parroquia Sagrado Coraz\u00f3n de Jes\u00fas de Puerto Libertad con la bendici\u00f3n del Nuncio apost\u00f3lico Adamczyk Miroslaw que arribo a Puerto Iguaz\u00fa en la jornada del viernes y se encuentra visitando parroquias de la Di\u00f3cesis de Iguaz\u00fa<\/strong>. Respecto a las misas estas se celebraran en el Santuario Santa Mar\u00eda del Iguaz\u00fa, la primera ser\u00e1 a 6 de la ma\u00f1ana a las 8hs, la misa central ser\u00e1 a las 10hs y ser\u00e1 precedida por Monse\u00f1or Adamzcyk Miroslaw, Monse\u00f1or Nicolas Baisi obispo de la di\u00f3cesis de Iguaz\u00fa y el obispo em\u00e9rito Monse\u00f1or Marcelo Martorell.<\/p>\n\n\n\n<p class=\"wp-block-paragraph\">\u201c<strong>A\u00fan no sabemos cu\u00e1ntos peregrinos participaran en esta oportunidad, el a\u00f1o pasado por la pandemia tuvimos cerca de 300 pero esperamos m\u00e1s este a\u00f1o<\/strong>\u201d recalc\u00f3 el padre Mario Alfonzo sacerdote de la parroquia F\u00e1tima quien est\u00e1 al frente de la organizaci\u00f3n.<\/p>\n\n\n\n<p class=\"wp-block-paragraph\">Adem\u00e1s, habr\u00e1 misas a las 12.30hs, 14hs y a las 16 en el Santuario Santa Mar\u00eda del Yguazu donde culmina la peregrinaci\u00f3n.<\/p>\n\n\n\n<p class=\"wp-block-paragraph\"><strong>Historia<\/strong><\/p>\n\n\n\n<p class=\"wp-block-paragraph\">Cuando los misioneros jesuitas fundaron la reducci\u00f3n de Santa Mar\u00eda del Yguaz\u00fa en 1626 m\u00e1s de 8.000 guaran\u00edes abrazaron la fe en ella. La historia de la reducci\u00f3n, unida a la del resto de las reducciones en zona guaran\u00ed, es conocida. Lo cierto es que la imagen de Santa Mar\u00eda a la que los abor\u00edgenes veneraban no sobrevivi\u00f3 la ca\u00edda de las misiones.<\/p>\n\n\n\n<p class=\"wp-block-paragraph\">Pero Mar\u00eda pudo m\u00e1s en esta zona que custodia las majestuosas Cataratas del Iguaz\u00fa. Reci\u00e9n en el siglo XX la ciudad fue constituy\u00e9ndose como tal. Hacia 1940, cuando el pueblo de 2000 habitantes contaba con una capilla de madera modestamente ornamentada, un navegante europeo obsequi\u00f3 la imagen de Nuestra Se\u00f1ora del Carmen que hoy se venera en la ciudad y que dio nombre a la que, tras la creaci\u00f3n de la di\u00f3cesis de Puerto Iguaz\u00fa, reci\u00e9n en 1986, termin\u00f3 siendo la Catedral.<\/p>\n\n\n\n<p class=\"wp-block-paragraph\">Mar\u00eda en la Advocaci\u00f3n de Nuestra Se\u00f1ora del Carmen ya estaba presente en la pujante ciudad, puerto de entrada para los turistas que visitan las Cataratas. Y lo est\u00e1, como reina ya coronada. Pero <strong>en la d\u00e9cada del 80, en los a\u00f1os previos a la creaci\u00f3n de la di\u00f3cesis, el odont\u00f3logo apasionado de la selva y de la talla a madera Te\u00f3filo Rodolfo Allou cre\u00f3 una imagen de Mar\u00eda en madera de cancharana que discretamente fue conmoviendo a todos. En ella, la Virgen, que en aspecto luce como una mujer trabajadora, de campo, arropa en su coraz\u00f3n al ni\u00f1o Jes\u00fas con mucha fuerza.<\/strong> \u201cMujer sufrida que representa a las mujeres de mi regi\u00f3n\u201d, como canta un chamam\u00e9 a Santa Mar\u00eda del Iguaz\u00fa que aqu\u00ed compartimos. As\u00ed, casi en silencio, Mar\u00eda volvi\u00f3 a nacer para el pueblo de Puerto Iguaz\u00fa como Santa Mar\u00eda del Iguaz\u00fa.<\/p>\n\n\n\n<p class=\"wp-block-paragraph\">Casi en silencio porque casi desapercibida pas\u00f3 su presencia en la Misa con la que se inici\u00f3 la di\u00f3cesis, y reci\u00e9n un a\u00f1o despu\u00e9s, la imagen comenz\u00f3 a darse a conocer por el primer obispo, monse\u00f1or Joaqu\u00edn Pi\u00f1a, y luego recorri\u00f3 todos los pueblos y parroquias reeditando una historia de amor nacida 400 a\u00f1os atr\u00e1s.<\/p>\n\n\n\n<p class=\"wp-block-paragraph\">Desde entonces, cada 16 de agosto, o el domingo siguiente al 16 de agosto, el pueblo peregrino en honor a ella en una nueva pero ya fuerte tradici\u00f3n. Son m\u00e1s de cuarenta kil\u00f3metros a pie entre Puerto Libertad y el santuario de Santa Mar\u00eda del Iguaz\u00fa recientemente reinaugurado donde habr\u00eda estado la primera reducci\u00f3n con su nombre. Es tierra de selva, tierra de ensue\u00f1o, tierra de la Virgen del Iguaz\u00fa.<\/p>\n","protected":false},"excerpt":{"rendered":"<p>Este fin de semana, los fieles de Puerto Iguaz\u00fa renovaran su historia de amor m\u00e1s<\/p>\n","protected":false},"author":1,"featured_media":30520,"comment_status":"open","ping_status":"open","sticky":false,"template":"","format":"standard","meta":{"footnotes":""},"categories":[1,226],"tags":[],"class_list":["post-30516","post","type-post","status-publish","format-standard","has-post-thumbnail","hentry","category-actualidad","category-locales"],"_links":{"self":[{"href":"https:\/\/actualizateiguazu.com\/v3\/wp-json\/wp\/v2\/posts\/30516","targetHints":{"allow":["GET"]}}],"collection":[{"href":"https:\/\/actualizateiguazu.com\/v3\/wp-json\/wp\/v2\/posts"}],"about":[{"href":"https:\/\/actualizateiguazu.com\/v3\/wp-json\/wp\/v2\/types\/post"}],"author":[{"embeddable":true,"href":"https:\/\/actualizateiguazu.com\/v3\/wp-json\/wp\/v2\/users\/1"}],"replies":[{"embeddable":true,"href":"https:\/\/actualizateiguazu.com\/v3\/wp-json\/wp\/v2\/comments?post=30516"}],"version-history":[{"count":1,"href":"https:\/\/actualizateiguazu.com\/v3\/wp-json\/wp\/v2\/posts\/30516\/revisions"}],"predecessor-version":[{"id":30518,"href":"https:\/\/actualizateiguazu.com\/v3\/wp-json\/wp\/v2\/posts\/30516\/revisions\/30518"}],"wp:featuredmedia":[{"embeddable":true,"href":"https:\/\/actualizateiguazu.com\/v3\/wp-json\/wp\/v2\/media\/30520"}],"wp:attachment":[{"href":"https:\/\/actualizateiguazu.com\/v3\/wp-json\/wp\/v2\/media?parent=30516"}],"wp:term":[{"taxonomy":"category","embeddable":true,"href":"https:\/\/actualizateiguazu.com\/v3\/wp-json\/wp\/v2\/categories?post=30516"},{"taxonomy":"post_tag","embeddable":true,"href":"https:\/\/actualizateiguazu.com\/v3\/wp-json\/wp\/v2\/tags?post=30516"}],"curies":[{"name":"wp","href":"https:\/\/api.w.org\/{rel}","templated":true}]}}