{"id":30834,"date":"2022-08-24T14:59:34","date_gmt":"2022-08-24T17:59:34","guid":{"rendered":"https:\/\/actualizateiguazu.com\/v3\/?p=30834"},"modified":"2022-08-24T14:59:37","modified_gmt":"2022-08-24T17:59:37","slug":"mas-de-7-000-trabajadores-del-estado-fueron-capacitados-en-ley-micaela","status":"publish","type":"post","link":"https:\/\/actualizateiguazu.com\/v3\/2022\/08\/24\/mas-de-7-000-trabajadores-del-estado-fueron-capacitados-en-ley-micaela\/","title":{"rendered":"M\u00e1s de 7.000 trabajadores del estado fueron capacitados en Ley Micaela"},"content":{"rendered":"\n<p>El equipo interdisciplinario del Ministerio de Trabajo y Empleo, junto al IPEC, la Subsecretar\u00eda de Acceso a la Justicia y el Observatorio de Violencia Familiar y de G\u00e9nero capacitaron a trabajadores y trabajadoras del Consejo General de Educaci\u00f3n en Ley Micaela.<\/p>\n\n\n\n<p>Desde el 2020, que se iniciaron los cursos de formaci\u00f3n en Ley Micaela, el Ministerio de Trabajo y Empleo capacit\u00f3 en perspectiva de g\u00e9nero a m\u00e1s de 7000 trabajadores del estado, docentes, representantes de sindicatos y deportistas.<\/p>\n\n\n\n<p>Estos talleres de formaci\u00f3n ofrecen perspectiva de g\u00e9nero y sensibilizaci\u00f3n sobre la tem\u00e1tica de la violencia contra mujeres y miembros de la comunidad LGBTIQ+, con el fin de que el personal de Salud pueda abordar estas problem\u00e1ticas de forma integral para elaborar protocolos de intervenci\u00f3n que respeten los derechos adquiridos de estos colectivos.<\/p>\n\n\n\n<p>La Ley Micaela fue sancionada en el a\u00f1o 2019, a partir del femicidio de Micaela Garc\u00eda, joven de 21 a\u00f1os, militante del Movimiento Evita y el movimiento \u201cNi Una Menos\u201d, con el objetivo de cuestionar la desigualdad y la discriminaci\u00f3n hacia las mujeres y las diversidades sexuales dentro de la funci\u00f3n p\u00fablica.<\/p>\n","protected":false},"excerpt":{"rendered":"<p>El equipo interdisciplinario del Ministerio de Trabajo y Empleo, junto al IPEC, la Subsecretar\u00eda de<\/p>\n","protected":false},"author":1,"featured_media":30835,"comment_status":"open","ping_status":"open","sticky":false,"template":"","format":"standard","meta":{"footnotes":""},"categories":[1,229],"tags":[],"class_list":["post-30834","post","type-post","status-publish","format-standard","has-post-thumbnail","hentry","category-actualidad","category-provinciales"],"_links":{"self":[{"href":"https:\/\/actualizateiguazu.com\/v3\/wp-json\/wp\/v2\/posts\/30834","targetHints":{"allow":["GET"]}}],"collection":[{"href":"https:\/\/actualizateiguazu.com\/v3\/wp-json\/wp\/v2\/posts"}],"about":[{"href":"https:\/\/actualizateiguazu.com\/v3\/wp-json\/wp\/v2\/types\/post"}],"author":[{"embeddable":true,"href":"https:\/\/actualizateiguazu.com\/v3\/wp-json\/wp\/v2\/users\/1"}],"replies":[{"embeddable":true,"href":"https:\/\/actualizateiguazu.com\/v3\/wp-json\/wp\/v2\/comments?post=30834"}],"version-history":[{"count":1,"href":"https:\/\/actualizateiguazu.com\/v3\/wp-json\/wp\/v2\/posts\/30834\/revisions"}],"predecessor-version":[{"id":30836,"href":"https:\/\/actualizateiguazu.com\/v3\/wp-json\/wp\/v2\/posts\/30834\/revisions\/30836"}],"wp:featuredmedia":[{"embeddable":true,"href":"https:\/\/actualizateiguazu.com\/v3\/wp-json\/wp\/v2\/media\/30835"}],"wp:attachment":[{"href":"https:\/\/actualizateiguazu.com\/v3\/wp-json\/wp\/v2\/media?parent=30834"}],"wp:term":[{"taxonomy":"category","embeddable":true,"href":"https:\/\/actualizateiguazu.com\/v3\/wp-json\/wp\/v2\/categories?post=30834"},{"taxonomy":"post_tag","embeddable":true,"href":"https:\/\/actualizateiguazu.com\/v3\/wp-json\/wp\/v2\/tags?post=30834"}],"curies":[{"name":"wp","href":"https:\/\/api.w.org\/{rel}","templated":true}]}}