{"id":30971,"date":"2022-08-29T10:51:21","date_gmt":"2022-08-29T13:51:21","guid":{"rendered":"https:\/\/actualizateiguazu.com\/v3\/?p=30971"},"modified":"2022-08-29T10:52:07","modified_gmt":"2022-08-29T13:52:07","slug":"multitudinario-festejo-por-el-aniversario-de-la-quiniela-misionera-en-eldorado","status":"publish","type":"post","link":"https:\/\/actualizateiguazu.com\/v3\/2022\/08\/29\/multitudinario-festejo-por-el-aniversario-de-la-quiniela-misionera-en-eldorado\/","title":{"rendered":"Multitudinario festejo por el aniversario de la Quiniela Misionera en Eldorado"},"content":{"rendered":"\n<p>Se realiz\u00f3 en la tarde del s\u00e1bado 27 en el anfiteatro \u201cCarlos Acu\u00f1a\u201d, ubicado sobre la avenida costanera de la Capital del Trabajo, con la participaci\u00f3n especial de \u201cGurises Felices\u201d y la presentaci\u00f3n de Cristian Wagner y La Ruta.<\/p>\n\n\n\n<p>El payaso \u201cPoca Sopa\u201d fue uno de los protagonistas de esta jornada festiva por los 50 a\u00f1os de la Quiniela Misionera, que se inici\u00f3 en Ober\u00e1 el pasado fin de semana y que concluir\u00e1 en Posadas, el 24 de septiembre. Sobre el escenario hizo de las suyas, con las ocurrencias, chistes y malabares con diversos elementos. Adem\u00e1s, en su ya conocida interacci\u00f3n con la banda \u201cSuena Sanfona\u201d, dej\u00f3 numerosas ense\u00f1anzas para los m\u00e1s peque\u00f1os.<\/p>\n\n\n\n<figure class=\"wp-block-image size-large\"><img loading=\"lazy\" decoding=\"async\" width=\"1024\" height=\"683\" src=\"https:\/\/actualizateiguazu.com\/v3\/wp-content\/uploads\/2022\/08\/WhatsApp-Image-2022-08-29-at-8.21.09-AM-1024x683.jpeg\" alt=\"\" class=\"wp-image-30972\" srcset=\"https:\/\/actualizateiguazu.com\/v3\/wp-content\/uploads\/2022\/08\/WhatsApp-Image-2022-08-29-at-8.21.09-AM-1024x683.jpeg 1024w, https:\/\/actualizateiguazu.com\/v3\/wp-content\/uploads\/2022\/08\/WhatsApp-Image-2022-08-29-at-8.21.09-AM-300x200.jpeg 300w, https:\/\/actualizateiguazu.com\/v3\/wp-content\/uploads\/2022\/08\/WhatsApp-Image-2022-08-29-at-8.21.09-AM-768x512.jpeg 768w, https:\/\/actualizateiguazu.com\/v3\/wp-content\/uploads\/2022\/08\/WhatsApp-Image-2022-08-29-at-8.21.09-AM.jpeg 1368w\" sizes=\"auto, (max-width: 1024px) 100vw, 1024px\" \/><\/figure>\n\n\n\n<p>Desde la siesta, distintas \u00e1reas de la Municipalidad de Eldorado llevaron adelante diversas actividades para agasajar a los ni\u00f1os de la ciudad, a modo de cierre del Mes de la Infancia. Hubo maquillaje art\u00edstico, lectura de cuentos por los adultos mayores, Mundo Creativo, carrera de embolsado, tumbalatas, juegos de acrobacia, presencia de la biblioteca m\u00f3vil, con entrega de golosinas, sorteos, y sorpresas.<br>Para el cierre de este multitudinario evento, Cristian Wagner y La Ruta, ofreci\u00f3 un show que fue acompa\u00f1ado por el p\u00fablico, que aprovechaba cada oportunidad para tomarse una selfie con el l\u00edder de la banda nacida en Leandro N. Alem. Deleit\u00f3 a los presentes con temas como \u201cUniverso paralelo\u201d, \u201cLocutor\u201d, \u201cNo vale la pena\u201d, \u201cCoraz\u00f3n de miel\u201d, \u201cClaro de luna\u201d, una variedad de interpretaciones en portugu\u00e9s, cumbias y canciones rom\u00e1nticas.<\/p>\n\n\n\n<p>Apostadores premiados<\/p>\n\n\n\n<p>Promediando el espect\u00e1culo para chicos, se realiz\u00f3 la extracci\u00f3n de los cupones no premiados, correspondientes a la Zona Norte de Misiones. Con la presencia del gerente de Juegos del Instituto, Jorge Raimondi, se dieron a conocer los ganadores de este circuito.\u00a0 As\u00ed, el primer premio, una heladera, fue para Diana Mirian Di\u00e9guez (Agencia N\u00b0 357), de Eldorado; el segundo premio, un televisor Smart, para Marli Moreira (Agencia N\u00b0 415), de Comandante Andresito; el tercer premio, un lavarropas, para Aurora Martina Mart\u00ednez (Agencia N\u00b0 314), de Puerto Rico; el cuarto premio, picadora de carne y verduras, para Maria Ham (Agencia N\u00b0 314), de Puerto Rico, y el quinto premio, una batidora manual, para Jos\u00e9 Oubi\u00f1a (Agencia N\u00b0 357), de Eldorado.<\/p>\n","protected":false},"excerpt":{"rendered":"<p>Se realiz\u00f3 en la tarde del s\u00e1bado 27 en el anfiteatro \u201cCarlos Acu\u00f1a\u201d, ubicado sobre<\/p>\n","protected":false},"author":1,"featured_media":30973,"comment_status":"open","ping_status":"open","sticky":false,"template":"","format":"standard","meta":{"footnotes":""},"categories":[1,229],"tags":[],"class_list":["post-30971","post","type-post","status-publish","format-standard","has-post-thumbnail","hentry","category-actualidad","category-provinciales"],"_links":{"self":[{"href":"https:\/\/actualizateiguazu.com\/v3\/wp-json\/wp\/v2\/posts\/30971","targetHints":{"allow":["GET"]}}],"collection":[{"href":"https:\/\/actualizateiguazu.com\/v3\/wp-json\/wp\/v2\/posts"}],"about":[{"href":"https:\/\/actualizateiguazu.com\/v3\/wp-json\/wp\/v2\/types\/post"}],"author":[{"embeddable":true,"href":"https:\/\/actualizateiguazu.com\/v3\/wp-json\/wp\/v2\/users\/1"}],"replies":[{"embeddable":true,"href":"https:\/\/actualizateiguazu.com\/v3\/wp-json\/wp\/v2\/comments?post=30971"}],"version-history":[{"count":1,"href":"https:\/\/actualizateiguazu.com\/v3\/wp-json\/wp\/v2\/posts\/30971\/revisions"}],"predecessor-version":[{"id":30974,"href":"https:\/\/actualizateiguazu.com\/v3\/wp-json\/wp\/v2\/posts\/30971\/revisions\/30974"}],"wp:featuredmedia":[{"embeddable":true,"href":"https:\/\/actualizateiguazu.com\/v3\/wp-json\/wp\/v2\/media\/30973"}],"wp:attachment":[{"href":"https:\/\/actualizateiguazu.com\/v3\/wp-json\/wp\/v2\/media?parent=30971"}],"wp:term":[{"taxonomy":"category","embeddable":true,"href":"https:\/\/actualizateiguazu.com\/v3\/wp-json\/wp\/v2\/categories?post=30971"},{"taxonomy":"post_tag","embeddable":true,"href":"https:\/\/actualizateiguazu.com\/v3\/wp-json\/wp\/v2\/tags?post=30971"}],"curies":[{"name":"wp","href":"https:\/\/api.w.org\/{rel}","templated":true}]}}