{"id":30978,"date":"2022-08-29T15:23:28","date_gmt":"2022-08-29T18:23:28","guid":{"rendered":"https:\/\/actualizateiguazu.com\/v3\/?p=30978"},"modified":"2022-08-29T15:23:30","modified_gmt":"2022-08-29T18:23:30","slug":"intenso-fin-de-semana-de-pruebas-de-cara-al-gran-premio-44-fiesta-nacional-de-la-yerba-mate","status":"publish","type":"post","link":"https:\/\/actualizateiguazu.com\/v3\/2022\/08\/29\/intenso-fin-de-semana-de-pruebas-de-cara-al-gran-premio-44-fiesta-nacional-de-la-yerba-mate\/","title":{"rendered":"Intenso fin de semana de pruebas de cara al Gran Premio 44\u00b0 Fiesta Nacional de la Yerba Mate"},"content":{"rendered":"\n<p>Cada vez falta menos para la 5ta fecha del campeonato Misionero de Rally y 6ta fecha del Misionero de Super Prime, que se disputar\u00e1 el fin de semana por los caminos vecinales de Ap\u00f3stoles y los equipos aprovecharon el s\u00e1bado pasado para testear sus m\u00e1quinas.<\/p>\n\n\n\n<p>El s\u00e1bado por la tarde, en el predio que la AMPyNaR pos\u00e9 en Garup\u00e1 se hicieron presentes varios equipos para girar en el circuito.<\/p>\n\n\n\n<p>El Allende Competici\u00f3n gir\u00f3 con Gonzalo e Ignacio \u201cNacho\u201d Allende sobre el renovado Renault Cl\u00edo de la Clase N6 y confirmaron su regreso al provincial y su presencia en el Gran Premio 44\u00b0 Fiesta Nacional de la Yerba Mate.<\/p>\n\n\n\n<p>\u201cAl auto se lo hizo a nuevo se reform\u00f3 todo el chasis, mejoramos el motor, la suspensi\u00f3n. Va a estar Gonzalo manejando y yo me voy a volver a calzar el buzo para volver a ser navegante como cuando empec\u00e9 en el rally\u201d, coment\u00f3 Nacho Allende.<\/p>\n\n\n\n<figure class=\"wp-block-image size-large\"><img loading=\"lazy\" decoding=\"async\" width=\"1024\" height=\"681\" src=\"https:\/\/actualizateiguazu.com\/v3\/wp-content\/uploads\/2022\/08\/299980239_2737354583061077_4317933785016729052_n-1024x681.jpg\" alt=\"\" class=\"wp-image-30981\" srcset=\"https:\/\/actualizateiguazu.com\/v3\/wp-content\/uploads\/2022\/08\/299980239_2737354583061077_4317933785016729052_n-1024x681.jpg 1024w, https:\/\/actualizateiguazu.com\/v3\/wp-content\/uploads\/2022\/08\/299980239_2737354583061077_4317933785016729052_n-300x199.jpg 300w, https:\/\/actualizateiguazu.com\/v3\/wp-content\/uploads\/2022\/08\/299980239_2737354583061077_4317933785016729052_n-768x511.jpg 768w, https:\/\/actualizateiguazu.com\/v3\/wp-content\/uploads\/2022\/08\/299980239_2737354583061077_4317933785016729052_n.jpg 1280w\" sizes=\"auto, (max-width: 1024px) 100vw, 1024px\" \/><\/figure>\n\n\n\n<p>Otro que anuncio su regreso fue el Profesor Basilio Cymbalisty quien estuvo entrenando con Joselo Mascagni su eterno navegante sobre el VW Senda de la Clase N6.<\/p>\n\n\n\n<p>Quiere volver<\/p>\n\n\n\n<p>Tambi\u00e9n estuvo girando el piloto posade\u00f1o Christian Mattoso, quien va tomando ritmo para volver a competir. El posade\u00f1o no confirm\u00f3 si estar\u00e1 o no en Ap\u00f3stoles, aunque reconoci\u00f3 que sigue trabajando en completar el presupuesto.<\/p>\n\n\n\n<p>La comisi\u00f3n directiva record\u00f3 que el predio de la AMPyNaR en Garup\u00e1 esta a disposici\u00f3n de los socios y que para la utilizaci\u00f3n se debe dar aviso al vicepresidente Marcelo \u201cChiquito Alcaraz (3764 72-0674).<\/p>\n\n\n\n<figure class=\"wp-block-image size-large\"><img loading=\"lazy\" decoding=\"async\" width=\"1024\" height=\"681\" src=\"https:\/\/actualizateiguazu.com\/v3\/wp-content\/uploads\/2022\/08\/300760550_2737355156394353_6098353060660566934_n-1024x681.jpg\" alt=\"\" class=\"wp-image-30979\" srcset=\"https:\/\/actualizateiguazu.com\/v3\/wp-content\/uploads\/2022\/08\/300760550_2737355156394353_6098353060660566934_n-1024x681.jpg 1024w, https:\/\/actualizateiguazu.com\/v3\/wp-content\/uploads\/2022\/08\/300760550_2737355156394353_6098353060660566934_n-300x199.jpg 300w, https:\/\/actualizateiguazu.com\/v3\/wp-content\/uploads\/2022\/08\/300760550_2737355156394353_6098353060660566934_n-768x511.jpg 768w, https:\/\/actualizateiguazu.com\/v3\/wp-content\/uploads\/2022\/08\/300760550_2737355156394353_6098353060660566934_n.jpg 1280w\" sizes=\"auto, (max-width: 1024px) 100vw, 1024px\" \/><\/figure>\n\n\n\n<p><strong>Tambi\u00e9n en la zona centro<\/strong><\/p>\n\n\n\n<p>En la localidad de Guaran\u00ed tambi\u00e9n hubo pruebas y estuvo realizando algunas tiradas el piloto del Lalo Competici\u00f3n Yamil Pettersen sobre el Renault 18 de la Clase AZ Light.<\/p>\n\n\n\n<p>\u201cProbamos la nueva electr\u00f3nica del auto, algunos elementos nuevos pensando en llegar de la mejor manera al pr\u00f3ximo fin de semana. Mi auto qued\u00f3 listo. Ahora vamos a concentrarnos en terminar el auto de Telly\u201d, coment\u00f3 Yamil.<\/p>\n\n\n\n<p><strong>Siguen las inscripciones<\/strong><\/p>\n\n\n\n<p>Con el fin de agilizar la administrativa, la AMPyNaR habilit\u00f3 los links de inscripci\u00f3n. El link es el \u00fanico m\u00e9todo de inscripci\u00f3n para los binomios de autos como para los pilotos de Moto y Quad.<\/p>\n\n\n\n<p>Las inscripciones est\u00e1n abiertas hasta el mi\u00e9rcoles a las 18. Por cualquier duda se pueden comunicar con Agust\u00edn Garz\u00f3n Maceda (3764 63-1235).<\/p>\n\n\n\n<p>Link de inscripci\u00f3n para AUTOS:<\/p>\n\n\n\n<figure class=\"wp-block-embed\"><div class=\"wp-block-embed__wrapper\">\nhttps:\/\/forms.gle\/hk5mponQBkpsjPSp7\n<\/div><\/figure>\n\n\n\n<p>Link de inscripci\u00f3n para MOTOS\/QUAD:<\/p>\n\n\n\n<figure class=\"wp-block-embed\"><div class=\"wp-block-embed__wrapper\">\nhttps:\/\/forms.gle\/m38CJdWZLFuSs8N49\n<\/div><\/figure>\n\n\n\n<p>Fotos: Blas Mart\u00ednez y Pablo Lizarraga<\/p>\n","protected":false},"excerpt":{"rendered":"<p>Cada vez falta menos para la 5ta fecha del campeonato Misionero de Rally y 6ta<\/p>\n","protected":false},"author":1,"featured_media":30980,"comment_status":"open","ping_status":"open","sticky":false,"template":"","format":"standard","meta":{"footnotes":""},"categories":[223],"tags":[],"class_list":["post-30978","post","type-post","status-publish","format-standard","has-post-thumbnail","hentry","category-deportes"],"_links":{"self":[{"href":"https:\/\/actualizateiguazu.com\/v3\/wp-json\/wp\/v2\/posts\/30978","targetHints":{"allow":["GET"]}}],"collection":[{"href":"https:\/\/actualizateiguazu.com\/v3\/wp-json\/wp\/v2\/posts"}],"about":[{"href":"https:\/\/actualizateiguazu.com\/v3\/wp-json\/wp\/v2\/types\/post"}],"author":[{"embeddable":true,"href":"https:\/\/actualizateiguazu.com\/v3\/wp-json\/wp\/v2\/users\/1"}],"replies":[{"embeddable":true,"href":"https:\/\/actualizateiguazu.com\/v3\/wp-json\/wp\/v2\/comments?post=30978"}],"version-history":[{"count":1,"href":"https:\/\/actualizateiguazu.com\/v3\/wp-json\/wp\/v2\/posts\/30978\/revisions"}],"predecessor-version":[{"id":30982,"href":"https:\/\/actualizateiguazu.com\/v3\/wp-json\/wp\/v2\/posts\/30978\/revisions\/30982"}],"wp:featuredmedia":[{"embeddable":true,"href":"https:\/\/actualizateiguazu.com\/v3\/wp-json\/wp\/v2\/media\/30980"}],"wp:attachment":[{"href":"https:\/\/actualizateiguazu.com\/v3\/wp-json\/wp\/v2\/media?parent=30978"}],"wp:term":[{"taxonomy":"category","embeddable":true,"href":"https:\/\/actualizateiguazu.com\/v3\/wp-json\/wp\/v2\/categories?post=30978"},{"taxonomy":"post_tag","embeddable":true,"href":"https:\/\/actualizateiguazu.com\/v3\/wp-json\/wp\/v2\/tags?post=30978"}],"curies":[{"name":"wp","href":"https:\/\/api.w.org\/{rel}","templated":true}]}}