{"id":30983,"date":"2022-08-29T20:57:00","date_gmt":"2022-08-29T23:57:00","guid":{"rendered":"https:\/\/actualizateiguazu.com\/v3\/?p=30983"},"modified":"2022-08-29T20:57:03","modified_gmt":"2022-08-29T23:57:03","slug":"capacitacion-en-agrofloresta-y-venta-de-la-produccion-de-la-huerta-en-la-comunidad-yryapu","status":"publish","type":"post","link":"https:\/\/actualizateiguazu.com\/v3\/2022\/08\/29\/capacitacion-en-agrofloresta-y-venta-de-la-produccion-de-la-huerta-en-la-comunidad-yryapu\/","title":{"rendered":"Capacitaci\u00f3n en agrofloresta y venta de la producci\u00f3n de la huerta en la comunidad Yryap\u00fa"},"content":{"rendered":"\n<p>Despu\u00e9s de mucha capacitaci\u00f3n y de aplicar los conocimientos adquiridos en los \u00faltimos a\u00f1os Alcides Ojeda encargado de la huerta que se lleva adelante bajo el concepto de agrofloresta y el tajamar de la comunidad Yryap\u00fa dictar\u00e1 un taller de agrofloresta este martes a partir de las 8 de la ma\u00f1ana hasta las 15hs. Adem\u00e1s, aprovecharan para comercializar verduras y hortalizas org\u00e1nicas, producci\u00f3n de la comunidad a todos los que asistan a la capacitaci\u00f3n o se acerquen a comprar.<\/p>\n\n\n\n<p>\u201cestamos muy contento de poder dar el taller de agrofloresta en la comunidad, yo me capacite para eso, y ahora lo vamos a dictar en la comunidad para todos, no solo para las comunidades. Todos los que quieran aprender se pueden acercar es gratuito\u201d cont\u00f3 Ojeda.<\/p>\n\n\n\n<figure class=\"wp-block-image size-large\"><img loading=\"lazy\" decoding=\"async\" width=\"1024\" height=\"768\" src=\"https:\/\/actualizateiguazu.com\/v3\/wp-content\/uploads\/2022\/08\/IMG_20220419_105038239-1024x768.jpg\" alt=\"\" class=\"wp-image-30984\" srcset=\"https:\/\/actualizateiguazu.com\/v3\/wp-content\/uploads\/2022\/08\/IMG_20220419_105038239-1024x768.jpg 1024w, https:\/\/actualizateiguazu.com\/v3\/wp-content\/uploads\/2022\/08\/IMG_20220419_105038239-300x225.jpg 300w, https:\/\/actualizateiguazu.com\/v3\/wp-content\/uploads\/2022\/08\/IMG_20220419_105038239-768x576.jpg 768w, https:\/\/actualizateiguazu.com\/v3\/wp-content\/uploads\/2022\/08\/IMG_20220419_105038239-1536x1152.jpg 1536w, https:\/\/actualizateiguazu.com\/v3\/wp-content\/uploads\/2022\/08\/IMG_20220419_105038239-2048x1536.jpg 2048w, https:\/\/actualizateiguazu.com\/v3\/wp-content\/uploads\/2022\/08\/IMG_20220419_105038239-720x540.jpg 720w\" sizes=\"auto, (max-width: 1024px) 100vw, 1024px\" \/><\/figure>\n\n\n\n<p>La comunidad comenz\u00f3 a trabajar con una organizaci\u00f3n para la creaci\u00f3n de los proyectos productivos que se desarrollan en la comunidad. Comenzaron a trabajar con la huerta en el 2.020 durante la pandemia donde aprendieron la t\u00e9cnica y lograron producir y obtener semillas para volver a plantar. En simultaneo desde la comunidad comenzaron a trabajar en el proyecto del tajamar que fue echo desde cero con fondos reunidos mediante el trabajo de los integrantes de la comunidad y fue inaugurado este a\u00f1o.<\/p>\n\n\n\n<p>\u201cInvitamos a todos lo que quieran aprender los conceptos de la agrofloresta y poder comenzar a producir sus propios alimentos de forma org\u00e1nica\u201d recalc\u00f3 Ojeda.<\/p>\n","protected":false},"excerpt":{"rendered":"<p>Despu\u00e9s de mucha capacitaci\u00f3n y de aplicar los conocimientos adquiridos en los \u00faltimos a\u00f1os Alcides<\/p>\n","protected":false},"author":1,"featured_media":30985,"comment_status":"open","ping_status":"open","sticky":false,"template":"","format":"standard","meta":{"footnotes":""},"categories":[1,226],"tags":[],"class_list":["post-30983","post","type-post","status-publish","format-standard","has-post-thumbnail","hentry","category-actualidad","category-locales"],"_links":{"self":[{"href":"https:\/\/actualizateiguazu.com\/v3\/wp-json\/wp\/v2\/posts\/30983","targetHints":{"allow":["GET"]}}],"collection":[{"href":"https:\/\/actualizateiguazu.com\/v3\/wp-json\/wp\/v2\/posts"}],"about":[{"href":"https:\/\/actualizateiguazu.com\/v3\/wp-json\/wp\/v2\/types\/post"}],"author":[{"embeddable":true,"href":"https:\/\/actualizateiguazu.com\/v3\/wp-json\/wp\/v2\/users\/1"}],"replies":[{"embeddable":true,"href":"https:\/\/actualizateiguazu.com\/v3\/wp-json\/wp\/v2\/comments?post=30983"}],"version-history":[{"count":1,"href":"https:\/\/actualizateiguazu.com\/v3\/wp-json\/wp\/v2\/posts\/30983\/revisions"}],"predecessor-version":[{"id":30986,"href":"https:\/\/actualizateiguazu.com\/v3\/wp-json\/wp\/v2\/posts\/30983\/revisions\/30986"}],"wp:featuredmedia":[{"embeddable":true,"href":"https:\/\/actualizateiguazu.com\/v3\/wp-json\/wp\/v2\/media\/30985"}],"wp:attachment":[{"href":"https:\/\/actualizateiguazu.com\/v3\/wp-json\/wp\/v2\/media?parent=30983"}],"wp:term":[{"taxonomy":"category","embeddable":true,"href":"https:\/\/actualizateiguazu.com\/v3\/wp-json\/wp\/v2\/categories?post=30983"},{"taxonomy":"post_tag","embeddable":true,"href":"https:\/\/actualizateiguazu.com\/v3\/wp-json\/wp\/v2\/tags?post=30983"}],"curies":[{"name":"wp","href":"https:\/\/api.w.org\/{rel}","templated":true}]}}