{"id":31064,"date":"2022-09-01T15:22:17","date_gmt":"2022-09-01T18:22:17","guid":{"rendered":"https:\/\/actualizateiguazu.com\/v3\/?p=31064"},"modified":"2022-09-01T15:22:20","modified_gmt":"2022-09-01T18:22:20","slug":"realizaron-charlas-educativas-y-de-concientizacion-en-la-efa-de-la-localidad-de-wanda","status":"publish","type":"post","link":"https:\/\/actualizateiguazu.com\/v3\/2022\/09\/01\/realizaron-charlas-educativas-y-de-concientizacion-en-la-efa-de-la-localidad-de-wanda\/","title":{"rendered":"Realizaron charlas educativas y de concientizaci\u00f3n en la EFA de la localidad de Wanda"},"content":{"rendered":"\n<p>Un fuerte trabajo preventivo en las escuelas lleva adelante la Polic\u00eda de la Provincia de Misiones; en la jornada de ayer, profesionales y efectivos de la Divisi\u00f3n Servicios Sociales URV, Polic\u00eda Lacustre y la comisar\u00eda jurisdiccional realizaron charlas preventivas y de concientizaci\u00f3n.<\/p>\n\n\n\n<p>Las tem\u00e1ticas abordadas fueron la prevenci\u00f3n de las violencias (bullying), el consumo Problem\u00e1tico y las medidas de seguridad a tener en cuenta en la v\u00eda p\u00fablica.<\/p>\n\n\n\n<figure class=\"wp-block-image size-large\"><img loading=\"lazy\" decoding=\"async\" width=\"1024\" height=\"577\" src=\"https:\/\/actualizateiguazu.com\/v3\/wp-content\/uploads\/2022\/09\/304936372_1083951165592629_703619142692464417_n-1024x577.jpg\" alt=\"\" class=\"wp-image-31066\" srcset=\"https:\/\/actualizateiguazu.com\/v3\/wp-content\/uploads\/2022\/09\/304936372_1083951165592629_703619142692464417_n-1024x577.jpg 1024w, https:\/\/actualizateiguazu.com\/v3\/wp-content\/uploads\/2022\/09\/304936372_1083951165592629_703619142692464417_n-300x169.jpg 300w, https:\/\/actualizateiguazu.com\/v3\/wp-content\/uploads\/2022\/09\/304936372_1083951165592629_703619142692464417_n-768x433.jpg 768w, https:\/\/actualizateiguazu.com\/v3\/wp-content\/uploads\/2022\/09\/304936372_1083951165592629_703619142692464417_n-800x450.jpg 800w, https:\/\/actualizateiguazu.com\/v3\/wp-content\/uploads\/2022\/09\/304936372_1083951165592629_703619142692464417_n.jpg 1280w\" sizes=\"auto, (max-width: 1024px) 100vw, 1024px\" \/><\/figure>\n\n\n\n<p>Estos encuentros tuvieron lugar en el predio del establecimiento y estuvo destinado a alumnos del Ciclo secundario donde adem\u00e1s asistieron docentes y directores.<\/p>\n\n\n\n<p>Estos encuentros, tienen como finalidad la concientizaci\u00f3n y prevenci\u00f3n de delitos de semejante complejidad.<\/p>\n","protected":false},"excerpt":{"rendered":"<p>Un fuerte trabajo preventivo en las escuelas lleva adelante la Polic\u00eda de la Provincia de<\/p>\n","protected":false},"author":1,"featured_media":31065,"comment_status":"open","ping_status":"open","sticky":false,"template":"","format":"standard","meta":{"footnotes":""},"categories":[1,226],"tags":[],"class_list":["post-31064","post","type-post","status-publish","format-standard","has-post-thumbnail","hentry","category-actualidad","category-locales"],"_links":{"self":[{"href":"https:\/\/actualizateiguazu.com\/v3\/wp-json\/wp\/v2\/posts\/31064","targetHints":{"allow":["GET"]}}],"collection":[{"href":"https:\/\/actualizateiguazu.com\/v3\/wp-json\/wp\/v2\/posts"}],"about":[{"href":"https:\/\/actualizateiguazu.com\/v3\/wp-json\/wp\/v2\/types\/post"}],"author":[{"embeddable":true,"href":"https:\/\/actualizateiguazu.com\/v3\/wp-json\/wp\/v2\/users\/1"}],"replies":[{"embeddable":true,"href":"https:\/\/actualizateiguazu.com\/v3\/wp-json\/wp\/v2\/comments?post=31064"}],"version-history":[{"count":1,"href":"https:\/\/actualizateiguazu.com\/v3\/wp-json\/wp\/v2\/posts\/31064\/revisions"}],"predecessor-version":[{"id":31067,"href":"https:\/\/actualizateiguazu.com\/v3\/wp-json\/wp\/v2\/posts\/31064\/revisions\/31067"}],"wp:featuredmedia":[{"embeddable":true,"href":"https:\/\/actualizateiguazu.com\/v3\/wp-json\/wp\/v2\/media\/31065"}],"wp:attachment":[{"href":"https:\/\/actualizateiguazu.com\/v3\/wp-json\/wp\/v2\/media?parent=31064"}],"wp:term":[{"taxonomy":"category","embeddable":true,"href":"https:\/\/actualizateiguazu.com\/v3\/wp-json\/wp\/v2\/categories?post=31064"},{"taxonomy":"post_tag","embeddable":true,"href":"https:\/\/actualizateiguazu.com\/v3\/wp-json\/wp\/v2\/tags?post=31064"}],"curies":[{"name":"wp","href":"https:\/\/api.w.org\/{rel}","templated":true}]}}