{"id":31072,"date":"2022-09-01T21:20:56","date_gmt":"2022-09-02T00:20:56","guid":{"rendered":"https:\/\/actualizateiguazu.com\/v3\/?p=31072"},"modified":"2022-09-01T21:37:49","modified_gmt":"2022-09-02T00:37:49","slug":"arrestaron-a-un-hombre-senalado-de-incendiar-la-vivienda-de-una-vecina-del-barrio-las-palmeras","status":"publish","type":"post","link":"https:\/\/actualizateiguazu.com\/v3\/2022\/09\/01\/arrestaron-a-un-hombre-senalado-de-incendiar-la-vivienda-de-una-vecina-del-barrio-las-palmeras\/","title":{"rendered":"Arrestaron a un hombre se\u00f1alado de incendiar la vivienda de una vecina del barrio Las Palmeras"},"content":{"rendered":"\n<p>Esta ma\u00f1ana, efectivos de la Unidad Regional V, arrestaron a un hombre de 29 a\u00f1os acusado de incendiar la casa una mujer de 24 a\u00f1os. El episodio se registr\u00f3 el pasado 28 de agosto a la madrugada, en barrio Las Palmeras de Puerto Iguaz\u00fa. La propietaria no se encontraba en la vivienda, y fue alertada por los vecinos del incendio.<\/p>\n\n\n\n<p>En <a><\/a>esa fecha, los bomberos voluntarios extinguieron el siniestro, no lamentando v\u00edctimas ni lesionados, solamente da\u00f1os materiales y las sospechas inmediatamente recayeron sobre el se\u00f1alado, ya que momentos antes fue visto cuando sali\u00f3 de ese hogar, llevando consigo elementos inflamables.<\/p>\n\n\n\n<p>La due\u00f1a del lugar, quien no se hallaba en su morada, radic\u00f3 la denuncia ante la comisar\u00eda jurisdiccional apuntando al sindicado, qui\u00e9n en las \u00faltimas horas fue individualizado y detenido en horas de esta ma\u00f1ana, en la v\u00eda p\u00fablica y fue puesto a disposici\u00f3n del Juzgado de Instrucci\u00f3n N.\u00ba 3 de Puerto Iguaz\u00fa, en averiguaci\u00f3n del hecho.<\/p>\n\n\n\n<p>Nota Relacionada: <a href=\"https:\/\/actualizateiguazu.com\/v3\/2022\/09\/01\/madre-e-hija-se-quedaron-con-lo-puesto-tras-un-incendio-intencional-por-un-ajuste-de-cuentas\/\">Madre e Hija se quedaron con lo puesto tras un incendio intencional por un ajuste de cuentas \u2013 Actualizate Iguaz\u00fa (actualizateiguazu.com)<\/a><\/p>\n","protected":false},"excerpt":{"rendered":"<p>Esta ma\u00f1ana, efectivos de la Unidad Regional V, arrestaron a un hombre de 29 a\u00f1os<\/p>\n","protected":false},"author":1,"featured_media":31073,"comment_status":"open","ping_status":"open","sticky":false,"template":"","format":"standard","meta":{"footnotes":""},"categories":[1,226,228],"tags":[],"class_list":["post-31072","post","type-post","status-publish","format-standard","has-post-thumbnail","hentry","category-actualidad","category-locales","category-policiales"],"_links":{"self":[{"href":"https:\/\/actualizateiguazu.com\/v3\/wp-json\/wp\/v2\/posts\/31072","targetHints":{"allow":["GET"]}}],"collection":[{"href":"https:\/\/actualizateiguazu.com\/v3\/wp-json\/wp\/v2\/posts"}],"about":[{"href":"https:\/\/actualizateiguazu.com\/v3\/wp-json\/wp\/v2\/types\/post"}],"author":[{"embeddable":true,"href":"https:\/\/actualizateiguazu.com\/v3\/wp-json\/wp\/v2\/users\/1"}],"replies":[{"embeddable":true,"href":"https:\/\/actualizateiguazu.com\/v3\/wp-json\/wp\/v2\/comments?post=31072"}],"version-history":[{"count":2,"href":"https:\/\/actualizateiguazu.com\/v3\/wp-json\/wp\/v2\/posts\/31072\/revisions"}],"predecessor-version":[{"id":31075,"href":"https:\/\/actualizateiguazu.com\/v3\/wp-json\/wp\/v2\/posts\/31072\/revisions\/31075"}],"wp:featuredmedia":[{"embeddable":true,"href":"https:\/\/actualizateiguazu.com\/v3\/wp-json\/wp\/v2\/media\/31073"}],"wp:attachment":[{"href":"https:\/\/actualizateiguazu.com\/v3\/wp-json\/wp\/v2\/media?parent=31072"}],"wp:term":[{"taxonomy":"category","embeddable":true,"href":"https:\/\/actualizateiguazu.com\/v3\/wp-json\/wp\/v2\/categories?post=31072"},{"taxonomy":"post_tag","embeddable":true,"href":"https:\/\/actualizateiguazu.com\/v3\/wp-json\/wp\/v2\/tags?post=31072"}],"curies":[{"name":"wp","href":"https:\/\/api.w.org\/{rel}","templated":true}]}}