{"id":31076,"date":"2022-09-01T22:13:23","date_gmt":"2022-09-02T01:13:23","guid":{"rendered":"https:\/\/actualizateiguazu.com\/v3\/?p=31076"},"modified":"2022-09-01T22:13:26","modified_gmt":"2022-09-02T01:13:26","slug":"se-lanzo-el-ii-festival-internacional-del-chamame-de-la-triple-frontera","status":"publish","type":"post","link":"https:\/\/actualizateiguazu.com\/v3\/2022\/09\/01\/se-lanzo-el-ii-festival-internacional-del-chamame-de-la-triple-frontera\/","title":{"rendered":"Se lanz\u00f3 el II Festival Internacional del Chamam\u00e9 de la Triple Frontera"},"content":{"rendered":"\n<p>Se realiz\u00f3 esta ma\u00f1ana en la sala de Prensa de Casa de Gobierno, el lanzamiento oficial de la segunda edici\u00f3n del Festival Internacional del Chamam\u00e9 de la Triple Frontera, que se realizar\u00e1 el s\u00e1bado 24 de septiembre en la localidad de Puerto Iguaz\u00fa y contar\u00e1 con la participaci\u00f3n de numerosos artistas provenientes de distintos puntos de la Gran Regi\u00f3n Chamamecera.<\/p>\n\n\n\n<p>La conferencia de prensa tuvo como protagonistas al ministro de Cultura de la Provincia, Joselo Schuap, la subsecretaria de Fomento y Regiones Culturales, Mar\u00eda Laura Lagable, el intendente de Puerto Iguaz\u00fa, Claudio Filippa, el titular del Ente Municipal de Turismo de Puerto Iguaz\u00fa, Leopoldo Lucas, y el director de Radio Nacional Iguaz\u00fa, Mario D&#8217;arpino.<\/p>\n\n\n\n<p>\u00abFue muy dif\u00edcil hacer la primera edici\u00f3n de este festival en plena pandemia, sin p\u00fablico, pero fue all\u00ed que sembramos la semilla, para que hoy esto tenga continuidad. Es una alegr\u00eda enorme anunciar esta segunda edici\u00f3n, redoblando la apuesta\u00bb expres\u00f3 el ministro Schuap, antes de dar la grilla art\u00edstica y las caracter\u00edsticas principales de esta segunda edici\u00f3n.<\/p>\n\n\n\n<p>Chango Spasiuk, Mario Bofill y Lucas Segovia, son algunos de los principales m\u00fasicos que animar\u00e1n un festival cuya figura central ser\u00e1 la cantante y compositora Mar\u00eda Ofelia, quien adem\u00e1s ser\u00e1 homenajeada en el marco del encuentro.<\/p>\n\n\n\n<p>Programa<\/p>\n\n\n\n<p>Pe\u00f1a en el Patio de Radio Nacional (Mediod\u00eda)<\/p>\n\n\n\n<p>&#8211; Los Mit\u00e1<\/p>\n\n\n\n<p>&#8211; Las Lira Vera<\/p>\n\n\n\n<p>&#8211; Sergio Riquelme<\/p>\n\n\n\n<p>19 Hs. Costanera de Puerto Iguaz\u00fa<\/p>\n\n\n\n<p>&#8211; Mar\u00eda Ofelia<\/p>\n\n\n\n<p>&#8211; Chango Spasiuk<\/p>\n\n\n\n<p>&#8211; Mario y Chingoli Bofill<\/p>\n\n\n\n<p>&#8211; Las Guainas Misioneras, ensamble de acordeones<\/p>\n\n\n\n<p>&#8211; Fabi\u00e1n Meza<\/p>\n\n\n\n<p>&#8211; Dami\u00e1n Lemes<\/p>\n\n\n\n<p>&#8211; Gicela MendezdRibeiro<\/p>\n\n\n\n<p>&#8211; Lucas Segovia<\/p>\n\n\n\n<p>&#8211; Embajada Art\u00edstica de Ciudad del Este Paraguay<\/p>\n\n\n\n<p>&#8211; Juventude Misioneira Brasil<\/p>\n\n\n\n<p>&#8211; Tomasito<\/p>\n\n\n\n<p>&#8211; Blas Mart\u00ednez Riera Grupo<\/p>\n","protected":false},"excerpt":{"rendered":"<p>Se realiz\u00f3 esta ma\u00f1ana en la sala de Prensa de Casa de Gobierno, el lanzamiento<\/p>\n","protected":false},"author":1,"featured_media":31077,"comment_status":"open","ping_status":"open","sticky":false,"template":"","format":"standard","meta":{"footnotes":""},"categories":[1,222,226],"tags":[],"class_list":["post-31076","post","type-post","status-publish","format-standard","has-post-thumbnail","hentry","category-actualidad","category-cultura","category-locales"],"_links":{"self":[{"href":"https:\/\/actualizateiguazu.com\/v3\/wp-json\/wp\/v2\/posts\/31076","targetHints":{"allow":["GET"]}}],"collection":[{"href":"https:\/\/actualizateiguazu.com\/v3\/wp-json\/wp\/v2\/posts"}],"about":[{"href":"https:\/\/actualizateiguazu.com\/v3\/wp-json\/wp\/v2\/types\/post"}],"author":[{"embeddable":true,"href":"https:\/\/actualizateiguazu.com\/v3\/wp-json\/wp\/v2\/users\/1"}],"replies":[{"embeddable":true,"href":"https:\/\/actualizateiguazu.com\/v3\/wp-json\/wp\/v2\/comments?post=31076"}],"version-history":[{"count":1,"href":"https:\/\/actualizateiguazu.com\/v3\/wp-json\/wp\/v2\/posts\/31076\/revisions"}],"predecessor-version":[{"id":31078,"href":"https:\/\/actualizateiguazu.com\/v3\/wp-json\/wp\/v2\/posts\/31076\/revisions\/31078"}],"wp:featuredmedia":[{"embeddable":true,"href":"https:\/\/actualizateiguazu.com\/v3\/wp-json\/wp\/v2\/media\/31077"}],"wp:attachment":[{"href":"https:\/\/actualizateiguazu.com\/v3\/wp-json\/wp\/v2\/media?parent=31076"}],"wp:term":[{"taxonomy":"category","embeddable":true,"href":"https:\/\/actualizateiguazu.com\/v3\/wp-json\/wp\/v2\/categories?post=31076"},{"taxonomy":"post_tag","embeddable":true,"href":"https:\/\/actualizateiguazu.com\/v3\/wp-json\/wp\/v2\/tags?post=31076"}],"curies":[{"name":"wp","href":"https:\/\/api.w.org\/{rel}","templated":true}]}}