{"id":31079,"date":"2022-09-02T08:50:02","date_gmt":"2022-09-02T11:50:02","guid":{"rendered":"https:\/\/actualizateiguazu.com\/v3\/?p=31079"},"modified":"2022-09-02T08:50:05","modified_gmt":"2022-09-02T11:50:05","slug":"intentaron-asesinar-a-la-vicepresidenta-cristina-fernandez-frente-a-su-casa","status":"publish","type":"post","link":"https:\/\/actualizateiguazu.com\/v3\/2022\/09\/02\/intentaron-asesinar-a-la-vicepresidenta-cristina-fernandez-frente-a-su-casa\/","title":{"rendered":"Intentaron asesinar a la vicepresidenta Cristina Fern\u00e1ndez frente a su casa"},"content":{"rendered":"\n<p>Un individuo gatill\u00f3 un arma que no lleg\u00f3 a disparar a cent\u00edmetros de la cabeza de la vicepresidenta, Cristina Fern\u00e1ndez de Kirchner, y fue detenido anoche tras la intervenci\u00f3n de los custodios de la funcionaria, mientras la pistola utilizada en el ataque fue hallada a metros del lugar y retenida para pericias. Por el hecho, cerca de la medianoche el presidente Alberto Fern\u00e1ndez decret\u00f3 feriado nacional para la jornada de hoy (ver p\u00e1gina 4).<\/p>\n\n\n\n<p>El intento de magnicidio qued\u00f3 captado en im\u00e1genes tomadas por la Televisi\u00f3n P\u00fablica y por al menos un video capturado con un tel\u00e9fono celular en las inmediaciones del domicilio de la exmandataria, mientras el agresor fue detenido por la Polic\u00eda Federal.<\/p>\n\n\n\n<p>En una imagen se ve con nitidez cuando la vicepresidenta acaba de bajar de un auto para entrar a su domicilio y un arma se acerca a su cabeza. En la imagen parece que el tenedor del arma intenta disparar, aunque no surge una descarga.<\/p>\n\n\n\n<p>El terrible hecho sucedi\u00f3 cuando la vicepresidenta regres\u00f3 anoche a su casa en la esquina de Juncal y Uruguay, en el barrio porte\u00f1o de La Recoleta, donde una persona infiltrada entre la multitud intent\u00f3 atacarla con un arma de fuego, un ataque grav\u00edsimo que a los pocos minutos fue confirmado desde el Ministerio de Seguridad.<\/p>\n\n\n\n<p>Durante la habitual ronda de saludos y afectos que la exmandataria realiza desde hace once d\u00edas entre los militantes que se acercan a saludarla a su regreso del Senado, un hombre con tatuajes en una de sus manos acerc\u00f3 un arma a cent\u00edmetros de su rostro y gatill\u00f3, aunque no se produjo ning\u00fan disparo.<\/p>\n\n\n\n<p>El individuo fue detenido por los custodios de la titular del Senado y luego fue llevado a un m\u00f3vil de la Polic\u00eda, donde se cubri\u00f3 la cara con un abrigo. Minutos despu\u00e9s del hecho, desde el Ministerio de Seguridad confirmaron a trav\u00e9s de un comunicado que un \u201chombre se encontrar\u00eda armado\u201d y que \u201cse lo identific\u00f3 procediendo a su detenci\u00f3n en la calle Juncal y Uruguay\u201d.<\/p>\n\n\n\n<p>El arma incautada es una Bersa calibre 32 auto (7.65 mm), que en su base posee una numeraci\u00f3n parcialmente borrada (alcanza a leerse \u2018250\u2019). Conten\u00eda un cargador con cinco municiones, pero sin bala en la rec\u00e1mara, es decir, estaba cargada pero presuntamente no estaba lista para disparar. \u201cTenemos que esperar que cient\u00edfica haga el an\u00e1lisis\u201d, dijo el ministro de Seguridad, An\u00edbal Fern\u00e1ndez.<\/p>\n","protected":false},"excerpt":{"rendered":"<p>Un individuo gatill\u00f3 un arma que no lleg\u00f3 a disparar a cent\u00edmetros de la cabeza<\/p>\n","protected":false},"author":1,"featured_media":31080,"comment_status":"open","ping_status":"open","sticky":false,"template":"","format":"standard","meta":{"footnotes":""},"categories":[1,227],"tags":[],"class_list":["post-31079","post","type-post","status-publish","format-standard","has-post-thumbnail","hentry","category-actualidad","category-nacionales"],"_links":{"self":[{"href":"https:\/\/actualizateiguazu.com\/v3\/wp-json\/wp\/v2\/posts\/31079","targetHints":{"allow":["GET"]}}],"collection":[{"href":"https:\/\/actualizateiguazu.com\/v3\/wp-json\/wp\/v2\/posts"}],"about":[{"href":"https:\/\/actualizateiguazu.com\/v3\/wp-json\/wp\/v2\/types\/post"}],"author":[{"embeddable":true,"href":"https:\/\/actualizateiguazu.com\/v3\/wp-json\/wp\/v2\/users\/1"}],"replies":[{"embeddable":true,"href":"https:\/\/actualizateiguazu.com\/v3\/wp-json\/wp\/v2\/comments?post=31079"}],"version-history":[{"count":1,"href":"https:\/\/actualizateiguazu.com\/v3\/wp-json\/wp\/v2\/posts\/31079\/revisions"}],"predecessor-version":[{"id":31081,"href":"https:\/\/actualizateiguazu.com\/v3\/wp-json\/wp\/v2\/posts\/31079\/revisions\/31081"}],"wp:featuredmedia":[{"embeddable":true,"href":"https:\/\/actualizateiguazu.com\/v3\/wp-json\/wp\/v2\/media\/31080"}],"wp:attachment":[{"href":"https:\/\/actualizateiguazu.com\/v3\/wp-json\/wp\/v2\/media?parent=31079"}],"wp:term":[{"taxonomy":"category","embeddable":true,"href":"https:\/\/actualizateiguazu.com\/v3\/wp-json\/wp\/v2\/categories?post=31079"},{"taxonomy":"post_tag","embeddable":true,"href":"https:\/\/actualizateiguazu.com\/v3\/wp-json\/wp\/v2\/tags?post=31079"}],"curies":[{"name":"wp","href":"https:\/\/api.w.org\/{rel}","templated":true}]}}