{"id":31568,"date":"2022-09-16T16:04:29","date_gmt":"2022-09-16T19:04:29","guid":{"rendered":"https:\/\/actualizateiguazu.com\/v3\/?p=31568"},"modified":"2022-09-16T18:35:04","modified_gmt":"2022-09-16T21:35:04","slug":"psicopedagogos-de-toda-la-provincia-se-reunen-en-iguazu","status":"publish","type":"post","link":"https:\/\/actualizateiguazu.com\/v3\/2022\/09\/16\/psicopedagogos-de-toda-la-provincia-se-reunen-en-iguazu\/","title":{"rendered":"Psicopedagogos de toda la provincia se re\u00fanen en Iguaz\u00fa"},"content":{"rendered":"\n<p class=\"wp-block-paragraph\">En la ma\u00f1ana del viernes comenz\u00f3 IV Jornadas Provinciales de Psicopedagog\u00eda en Puerto Iguaz\u00fa, es la primera vez que este tipo de jornadas se trasladan al interior de la provincia y tiene como escenario la ciudad que alberga una de las 7 maravillas del Mundo. Bajo el Lema \u201cConstruir y fortalecer redes desde la psicopedagog\u00eda\u201d 250 profesionales, entre ellos 53 estudiantes de la carrera, se re\u00fanen para capacitarse y trabajar en conjunto en pos de la educaci\u00f3n. Este evento se extender\u00e1 hasta el s\u00e1bado.<\/p>\n\n\n\n<p class=\"wp-block-paragraph\">La elecci\u00f3n de la fecha fue muy particular ya que adem\u00e1s de capacitarse celebraran el d\u00eda del Psicopedagogo que tiene como referencia la reuni\u00f3n de un grupo de psicopedagogas que se llev\u00f3 a cabo en la Provincia de San Juan un 17 de septiembre de 1982, con el objetivo de constituir la Federaci\u00f3n Argentina de Psicopedagogos (FAP).<\/p>\n\n\n\n<figure class=\"wp-block-image size-large\"><img loading=\"lazy\" decoding=\"async\" width=\"1024\" height=\"768\" src=\"https:\/\/actualizateiguazu.com\/v3\/wp-content\/uploads\/2022\/09\/IMG_20220916_093247436-1024x768.jpg\" alt=\"\" class=\"wp-image-31571\" srcset=\"https:\/\/actualizateiguazu.com\/v3\/wp-content\/uploads\/2022\/09\/IMG_20220916_093247436-1024x768.jpg 1024w, https:\/\/actualizateiguazu.com\/v3\/wp-content\/uploads\/2022\/09\/IMG_20220916_093247436-300x225.jpg 300w, https:\/\/actualizateiguazu.com\/v3\/wp-content\/uploads\/2022\/09\/IMG_20220916_093247436-768x576.jpg 768w, https:\/\/actualizateiguazu.com\/v3\/wp-content\/uploads\/2022\/09\/IMG_20220916_093247436-1536x1152.jpg 1536w, https:\/\/actualizateiguazu.com\/v3\/wp-content\/uploads\/2022\/09\/IMG_20220916_093247436-2048x1536.jpg 2048w, https:\/\/actualizateiguazu.com\/v3\/wp-content\/uploads\/2022\/09\/IMG_20220916_093247436-720x540.jpg 720w\" sizes=\"auto, (max-width: 1024px) 100vw, 1024px\" \/><\/figure>\n\n\n\n<p class=\"wp-block-paragraph\">\u201ces la primera vez que se realiza esta jornada fuera de la capital, la idea es descentralizar al colectivo de Psicopedagog\u00eda, es un evento acad\u00e9mico que justamente trata de generar y construir redes en pos de las infancias, la adolescencia y la adultez. Construir redes con otras disciplinas y con nosotros mismos\u201d comento Laura Gim\u00e9nez presidente del Colegio de Psicopedagog\u00eda de Misiones.<\/p>\n\n\n\n<p class=\"wp-block-paragraph\">Respecto a los disertantes de las dos jornadas Sandra Gim\u00e9nez manifest\u00f3 \u201cTenemos disertantes de Buenos Aires, C\u00f3rdoba y otras provincias referentes de salud, educaci\u00f3n, forenses, del \u00e1mbito judicial pero tambi\u00e9n tenemos profesionales de la provincia, dando lugar a nuestros referentes\u201d<\/p>\n\n\n\n<figure class=\"wp-block-image size-large\"><img loading=\"lazy\" decoding=\"async\" width=\"1024\" height=\"576\" src=\"https:\/\/actualizateiguazu.com\/v3\/wp-content\/uploads\/2022\/09\/IMG_20220916_093147172_HDR-1024x576.jpg\" alt=\"\" class=\"wp-image-31570\" srcset=\"https:\/\/actualizateiguazu.com\/v3\/wp-content\/uploads\/2022\/09\/IMG_20220916_093147172_HDR-1024x576.jpg 1024w, https:\/\/actualizateiguazu.com\/v3\/wp-content\/uploads\/2022\/09\/IMG_20220916_093147172_HDR-300x169.jpg 300w, https:\/\/actualizateiguazu.com\/v3\/wp-content\/uploads\/2022\/09\/IMG_20220916_093147172_HDR-768x432.jpg 768w, https:\/\/actualizateiguazu.com\/v3\/wp-content\/uploads\/2022\/09\/IMG_20220916_093147172_HDR-1536x864.jpg 1536w, https:\/\/actualizateiguazu.com\/v3\/wp-content\/uploads\/2022\/09\/IMG_20220916_093147172_HDR-2048x1152.jpg 2048w, https:\/\/actualizateiguazu.com\/v3\/wp-content\/uploads\/2022\/09\/IMG_20220916_093147172_HDR-800x450.jpg 800w\" sizes=\"auto, (max-width: 1024px) 100vw, 1024px\" \/><\/figure>\n\n\n\n<p class=\"wp-block-paragraph\">Entre los temas m\u00e1s importantes que ser\u00e1n abordados durante las jornadas, Gim\u00e9nez explico que se tratar\u00e1n temas referidos al lugar de la autoridad, la intervenci\u00f3n institucional psicopedag\u00f3gica como experiencia transformadora, El rol del psicopedagogo en los \u00e1mbitos se salud p\u00fablica, en los \u00e1mbitos forenses, sobre la \u00e9tica y buenas pr\u00e1cticas de personal psicopedagogo. \u201ctenemos un programa bastante enriquecido pero que el eje esta en construir redes de trabajo\u201d<\/p>\n\n\n\n<p class=\"wp-block-paragraph\">\u201cCon esta jornada en Iguaz\u00fa buscamos que los colegas conozcan la provincia, lo que buscamos es dentro de la selva generar el aprendizaje y disfrutar del entorno\u201d remat\u00f3 Genoveva Cazal vicepresidente del Colegio de psicopedadogos.<\/p>\n","protected":false},"excerpt":{"rendered":"<p>En la ma\u00f1ana del viernes comenz\u00f3 IV Jornadas Provinciales de Psicopedagog\u00eda en Puerto Iguaz\u00fa, es<\/p>\n","protected":false},"author":1,"featured_media":31569,"comment_status":"open","ping_status":"open","sticky":false,"template":"","format":"standard","meta":{"footnotes":""},"categories":[1,226],"tags":[],"class_list":["post-31568","post","type-post","status-publish","format-standard","has-post-thumbnail","hentry","category-actualidad","category-locales"],"_links":{"self":[{"href":"https:\/\/actualizateiguazu.com\/v3\/wp-json\/wp\/v2\/posts\/31568","targetHints":{"allow":["GET"]}}],"collection":[{"href":"https:\/\/actualizateiguazu.com\/v3\/wp-json\/wp\/v2\/posts"}],"about":[{"href":"https:\/\/actualizateiguazu.com\/v3\/wp-json\/wp\/v2\/types\/post"}],"author":[{"embeddable":true,"href":"https:\/\/actualizateiguazu.com\/v3\/wp-json\/wp\/v2\/users\/1"}],"replies":[{"embeddable":true,"href":"https:\/\/actualizateiguazu.com\/v3\/wp-json\/wp\/v2\/comments?post=31568"}],"version-history":[{"count":2,"href":"https:\/\/actualizateiguazu.com\/v3\/wp-json\/wp\/v2\/posts\/31568\/revisions"}],"predecessor-version":[{"id":31573,"href":"https:\/\/actualizateiguazu.com\/v3\/wp-json\/wp\/v2\/posts\/31568\/revisions\/31573"}],"wp:featuredmedia":[{"embeddable":true,"href":"https:\/\/actualizateiguazu.com\/v3\/wp-json\/wp\/v2\/media\/31569"}],"wp:attachment":[{"href":"https:\/\/actualizateiguazu.com\/v3\/wp-json\/wp\/v2\/media?parent=31568"}],"wp:term":[{"taxonomy":"category","embeddable":true,"href":"https:\/\/actualizateiguazu.com\/v3\/wp-json\/wp\/v2\/categories?post=31568"},{"taxonomy":"post_tag","embeddable":true,"href":"https:\/\/actualizateiguazu.com\/v3\/wp-json\/wp\/v2\/tags?post=31568"}],"curies":[{"name":"wp","href":"https:\/\/api.w.org\/{rel}","templated":true}]}}