{"id":31966,"date":"2022-10-01T08:31:56","date_gmt":"2022-10-01T11:31:56","guid":{"rendered":"https:\/\/actualizateiguazu.com\/v3\/?p=31966"},"modified":"2022-10-01T08:31:59","modified_gmt":"2022-10-01T11:31:59","slug":"trabajo-registrado-planes-sociales-y-una-app-para-registrar-empresas-y-empleados-algunos-temas-de-la-reunion-plenaria-del-cft-en-puerto-iguazu","status":"publish","type":"post","link":"https:\/\/actualizateiguazu.com\/v3\/2022\/10\/01\/trabajo-registrado-planes-sociales-y-una-app-para-registrar-empresas-y-empleados-algunos-temas-de-la-reunion-plenaria-del-cft-en-puerto-iguazu\/","title":{"rendered":"Trabajo registrado, planes sociales y una App para registrar empresas y empleados, algunos temas de la reuni\u00f3n Plenaria del CFT en Puerto Iguaz\u00fa"},"content":{"rendered":"\n<p class=\"wp-block-paragraph\">Durante el jueves y el viernes se realiz\u00f3 la 120\u00b0 Reuni\u00f3n Plenaria del Concejo Federal de Trabajo en la localidad de Puerto Iguaz\u00fa. Esta reuni\u00f3n cont\u00f3 con la participaci\u00f3n de ministros y secretarios de Trabajo de las 24 jurisdicciones del pa\u00eds. Los principales temas abordados fueron la formaci\u00f3n profesional, reg\u00edmenes previsionales, pol\u00edticas para la prevenci\u00f3n y erradicaci\u00f3n del trabajo infantil y fuerte hincapi\u00e9 en el Programa Puente al Empleo.<\/p>\n\n\n\n<p class=\"wp-block-paragraph\">El Consejo Federal del Trabajo con el objetivo de fortalecer las administraciones del trabajo en las provincias y as\u00ed lograr mayor eficacia de la actividad gubernamental. Durante la primera jornada el jueves cada ministro expuso durante algunos minutos sobre las pol\u00edticas p\u00fablicas que implementan en cada jurisdicci\u00f3n en las diferentes comisiones, paso muy importante para la creaci\u00f3n de herramientas para su pr\u00f3xima aplicaci\u00f3n a fin de promover el federalismo.<\/p>\n\n\n\n<p class=\"wp-block-paragraph\">Al respecto Gustavo Mariani coordinador de CFT \u201cCada comisi\u00f3n trato en detalle la implementaci\u00f3n de las pol\u00edticas publicas como por ejemplo la compatibilidad de planes sociales con empleo registrado, el tema de Inter cosecha que para Misiones es muy importante y ya es compatible con el trabajo registrado y esto se debe difundir\u201d<\/p>\n\n\n\n<figure class=\"wp-block-image size-large\"><img loading=\"lazy\" decoding=\"async\" width=\"1024\" height=\"576\" src=\"https:\/\/actualizateiguazu.com\/v3\/wp-content\/uploads\/2022\/10\/IMG_20220930_102333953-1024x576.jpg\" alt=\"\" class=\"wp-image-31967\" srcset=\"https:\/\/actualizateiguazu.com\/v3\/wp-content\/uploads\/2022\/10\/IMG_20220930_102333953-1024x576.jpg 1024w, https:\/\/actualizateiguazu.com\/v3\/wp-content\/uploads\/2022\/10\/IMG_20220930_102333953-300x169.jpg 300w, https:\/\/actualizateiguazu.com\/v3\/wp-content\/uploads\/2022\/10\/IMG_20220930_102333953-768x432.jpg 768w, https:\/\/actualizateiguazu.com\/v3\/wp-content\/uploads\/2022\/10\/IMG_20220930_102333953-1536x864.jpg 1536w, https:\/\/actualizateiguazu.com\/v3\/wp-content\/uploads\/2022\/10\/IMG_20220930_102333953-2048x1152.jpg 2048w, https:\/\/actualizateiguazu.com\/v3\/wp-content\/uploads\/2022\/10\/IMG_20220930_102333953-800x450.jpg 800w\" sizes=\"auto, (max-width: 1024px) 100vw, 1024px\" \/><\/figure>\n\n\n\n<p class=\"wp-block-paragraph\">Con respecto a la aplicaci\u00f3n que se present\u00f3 en el plenario. Mariani explico que en la era de la digitalizaci\u00f3n es una herramienta que permite conocer las empresas y empleados de cada una de ellas. \u201cesta aplicaci\u00f3n es de vital importancia porque se refiere al mundo productivo y laboral, todas las provincias contaran por jurisdicci\u00f3n la cantidad de empresas categorizadas por actividad y n\u00famero de empleados, se podr\u00e1 ingresar a cada empresa y ver su historia laboral\u201d<\/p>\n\n\n\n<p class=\"wp-block-paragraph\">Adem\u00e1s, se informaron los alcances del Decreto Nacional 551\/22, que establece la implementaci\u00f3n del programa \u201cPuente al Empleo\u201d para la reconversi\u00f3n de planes sociales. Por \u00faltimo, se realiz\u00f3 el informe de Comisiones T\u00e9cnicas y la votaci\u00f3n de la sede en donde funcionar\u00e1 la Confederaci\u00f3n Federal del Trabajo.<\/p>\n\n\n\n<p class=\"wp-block-paragraph\">La apertura de las Comisiones T\u00e9cnicas estuvo a cargo del coordinador del CFT, Gustavo Mariani, la presidenta Alterna del CFT, ministra Silvana Gim\u00e9nez, el secretario de Empleo, Leonardo di Pietro, el Jefe de Gabinete de Trabajo de la Naci\u00f3n, Roberto Sukerman, el secretario de Seguridad Social, Luis Bulit Go\u00f1i, y el Presidente del Comit\u00e9 Ejecutivo del CFT Marcelo Podehontaa.<\/p>\n\n\n\n<figure class=\"wp-block-image size-large\"><img loading=\"lazy\" decoding=\"async\" width=\"1024\" height=\"576\" src=\"https:\/\/actualizateiguazu.com\/v3\/wp-content\/uploads\/2022\/10\/IMG_20220930_102410849-1024x576.jpg\" alt=\"\" class=\"wp-image-31968\" srcset=\"https:\/\/actualizateiguazu.com\/v3\/wp-content\/uploads\/2022\/10\/IMG_20220930_102410849-1024x576.jpg 1024w, https:\/\/actualizateiguazu.com\/v3\/wp-content\/uploads\/2022\/10\/IMG_20220930_102410849-300x169.jpg 300w, https:\/\/actualizateiguazu.com\/v3\/wp-content\/uploads\/2022\/10\/IMG_20220930_102410849-768x432.jpg 768w, https:\/\/actualizateiguazu.com\/v3\/wp-content\/uploads\/2022\/10\/IMG_20220930_102410849-1536x864.jpg 1536w, https:\/\/actualizateiguazu.com\/v3\/wp-content\/uploads\/2022\/10\/IMG_20220930_102410849-2048x1152.jpg 2048w, https:\/\/actualizateiguazu.com\/v3\/wp-content\/uploads\/2022\/10\/IMG_20220930_102410849-800x450.jpg 800w\" sizes=\"auto, (max-width: 1024px) 100vw, 1024px\" \/><\/figure>\n\n\n\n<p class=\"wp-block-paragraph\">Por su parte Silvana Gim\u00e9nez ministra de trabajo de Misiones y presidenta Alterna del CFT, resalt\u00f3 la importancia de que este plenario se desarroll\u00f3 en Puerto Iguaz\u00fa, teniendo en cuenta que la provincia lidera el empleo registrado en el norte grande y el segundo en tasa de empleo registrado a nivel nacional y la octava econom\u00eda del pa\u00eds.<\/p>\n\n\n\n<p class=\"wp-block-paragraph\">\u201cNosotros trabajamos fuertemente en la jornada de comisiones en lo que respecta a trabajo rural, que al principio trabaj\u00e1bamos con cupos y a trav\u00e9s de las gestiones y las exposiciones en el CFT hoy esto ya no es as\u00ed\u201d<\/p>\n\n\n\n<p class=\"wp-block-paragraph\">Respecto al trabajo rural el ministerio est\u00e1 abocado la inscripci\u00f3n para el acceso al programa intercosecha.<\/p>\n","protected":false},"excerpt":{"rendered":"<p>Durante el jueves y el viernes se realiz\u00f3 la 120\u00b0 Reuni\u00f3n Plenaria del Concejo Federal<\/p>\n","protected":false},"author":1,"featured_media":31969,"comment_status":"open","ping_status":"open","sticky":false,"template":"","format":"standard","meta":{"footnotes":""},"categories":[1,226],"tags":[],"class_list":["post-31966","post","type-post","status-publish","format-standard","has-post-thumbnail","hentry","category-actualidad","category-locales"],"_links":{"self":[{"href":"https:\/\/actualizateiguazu.com\/v3\/wp-json\/wp\/v2\/posts\/31966","targetHints":{"allow":["GET"]}}],"collection":[{"href":"https:\/\/actualizateiguazu.com\/v3\/wp-json\/wp\/v2\/posts"}],"about":[{"href":"https:\/\/actualizateiguazu.com\/v3\/wp-json\/wp\/v2\/types\/post"}],"author":[{"embeddable":true,"href":"https:\/\/actualizateiguazu.com\/v3\/wp-json\/wp\/v2\/users\/1"}],"replies":[{"embeddable":true,"href":"https:\/\/actualizateiguazu.com\/v3\/wp-json\/wp\/v2\/comments?post=31966"}],"version-history":[{"count":1,"href":"https:\/\/actualizateiguazu.com\/v3\/wp-json\/wp\/v2\/posts\/31966\/revisions"}],"predecessor-version":[{"id":31970,"href":"https:\/\/actualizateiguazu.com\/v3\/wp-json\/wp\/v2\/posts\/31966\/revisions\/31970"}],"wp:featuredmedia":[{"embeddable":true,"href":"https:\/\/actualizateiguazu.com\/v3\/wp-json\/wp\/v2\/media\/31969"}],"wp:attachment":[{"href":"https:\/\/actualizateiguazu.com\/v3\/wp-json\/wp\/v2\/media?parent=31966"}],"wp:term":[{"taxonomy":"category","embeddable":true,"href":"https:\/\/actualizateiguazu.com\/v3\/wp-json\/wp\/v2\/categories?post=31966"},{"taxonomy":"post_tag","embeddable":true,"href":"https:\/\/actualizateiguazu.com\/v3\/wp-json\/wp\/v2\/tags?post=31966"}],"curies":[{"name":"wp","href":"https:\/\/api.w.org\/{rel}","templated":true}]}}