{"id":32035,"date":"2022-10-03T13:47:05","date_gmt":"2022-10-03T16:47:05","guid":{"rendered":"https:\/\/actualizateiguazu.com\/v3\/?p=32035"},"modified":"2022-10-03T13:48:28","modified_gmt":"2022-10-03T16:48:28","slug":"semana-de-la-educacion-especial-resaltan-la-importancia-de-la-inclusion","status":"publish","type":"post","link":"https:\/\/actualizateiguazu.com\/v3\/2022\/10\/03\/semana-de-la-educacion-especial-resaltan-la-importancia-de-la-inclusion\/","title":{"rendered":"Semana de la educaci\u00f3n Especial: resaltan la importancia de la inclusi\u00f3n"},"content":{"rendered":"\n<p>Del 4 al 7 de octubre se celebra la Semana de la Educaci\u00f3n Especial bajo el lema \u00aben todas las escuelas, todos los derechos\u00bb. En Iguaz\u00fa como en varios puntos del pa\u00eds se realizar\u00e1n diversas actividades con la participaci\u00f3n de la comunidad educativa. Esta semana de la Educaci\u00f3n Especial tiene como prop\u00f3sito fundamental generar espacios de reflexi\u00f3n e intercambio de saberes y experiencias. Busca ser un espacio de encuentro para recuperar distintas tem\u00e1ticas de inter\u00e9s que atraviesan la escuela y nos permitan aprender a partir de ellas.<\/p>\n\n\n\n<figure class=\"wp-block-image size-large\"><img loading=\"lazy\" decoding=\"async\" width=\"1024\" height=\"576\" src=\"https:\/\/actualizateiguazu.com\/v3\/wp-content\/uploads\/2022\/10\/IMG_20221003_082049182-1024x576.jpg\" alt=\"\" class=\"wp-image-32037\" srcset=\"https:\/\/actualizateiguazu.com\/v3\/wp-content\/uploads\/2022\/10\/IMG_20221003_082049182-1024x576.jpg 1024w, https:\/\/actualizateiguazu.com\/v3\/wp-content\/uploads\/2022\/10\/IMG_20221003_082049182-300x169.jpg 300w, https:\/\/actualizateiguazu.com\/v3\/wp-content\/uploads\/2022\/10\/IMG_20221003_082049182-768x432.jpg 768w, https:\/\/actualizateiguazu.com\/v3\/wp-content\/uploads\/2022\/10\/IMG_20221003_082049182-1536x864.jpg 1536w, https:\/\/actualizateiguazu.com\/v3\/wp-content\/uploads\/2022\/10\/IMG_20221003_082049182-2048x1152.jpg 2048w, https:\/\/actualizateiguazu.com\/v3\/wp-content\/uploads\/2022\/10\/IMG_20221003_082049182-800x450.jpg 800w\" sizes=\"auto, (max-width: 1024px) 100vw, 1024px\" \/><\/figure>\n\n\n\n<p>En la ciudad de las Cataratas, docentes, padres y alumnos de la Escuela Especial N\u00ba 27 y el Instituto de la Ense\u00f1anza Especial Esperanza, llevaron adelante una caminata para celebrar la inclusi\u00f3n y visibilizar el trabajo de las escuelas. Los alumnos recorrieron varias calles c\u00e9ntricas de la ciudad derrochando alegr\u00eda e inocencia. Turistas que recorr\u00edan la ciudad no dudaron en tomar fotos y saludar a los estudiantes que reclaman derechos e inclusi\u00f3n.<\/p>\n\n\n\n<p>Viviana Yommy directora del Instituto de ense\u00f1anza Especial Esperanza cont\u00f3 que este a\u00f1o est\u00e1n contentos de volver a salir con los alumnos despu\u00e9s de la pandemia e indico que les genera cierta emoci\u00f3n. \u201ces la primera actividad que realizamos fuera del establecimiento despu\u00e9s de la pandemia. Ser\u00e1 una semana con muchas actividades. Tendremos una jornada especial ma\u00f1ana en la escuela, Visitaremos Culturas Park que todos los a\u00f1os nos reciben e incluso hemos logrado una noche de boliche para nuestros alumnos en el local bailable de la ciudad\u201d<\/p>\n\n\n\n<figure class=\"wp-block-image size-large\"><img loading=\"lazy\" decoding=\"async\" width=\"1024\" height=\"576\" src=\"https:\/\/actualizateiguazu.com\/v3\/wp-content\/uploads\/2022\/10\/IMG_20221003_082027604-1024x576.jpg\" alt=\"\" class=\"wp-image-32038\" srcset=\"https:\/\/actualizateiguazu.com\/v3\/wp-content\/uploads\/2022\/10\/IMG_20221003_082027604-1024x576.jpg 1024w, https:\/\/actualizateiguazu.com\/v3\/wp-content\/uploads\/2022\/10\/IMG_20221003_082027604-300x169.jpg 300w, https:\/\/actualizateiguazu.com\/v3\/wp-content\/uploads\/2022\/10\/IMG_20221003_082027604-768x432.jpg 768w, https:\/\/actualizateiguazu.com\/v3\/wp-content\/uploads\/2022\/10\/IMG_20221003_082027604-1536x864.jpg 1536w, https:\/\/actualizateiguazu.com\/v3\/wp-content\/uploads\/2022\/10\/IMG_20221003_082027604-2048x1152.jpg 2048w, https:\/\/actualizateiguazu.com\/v3\/wp-content\/uploads\/2022\/10\/IMG_20221003_082027604-800x450.jpg 800w\" sizes=\"auto, (max-width: 1024px) 100vw, 1024px\" \/><\/figure>\n\n\n\n<p>Esta \u00faltima actividad es novedosa ya que el due\u00f1o del pub adapt\u00f3 un espacio para personas con discapacidad, para que todas las personas puedan divertirse. \u201cestamos muy contentos al ver que empresarios est\u00e1n trabajando en la inclusi\u00f3n, ya sea adaptando los espacios para el disfrute de todos\u201d y agreg\u00f3 \u201cadem\u00e1s estamos celebrando la inclusi\u00f3n de nuestros alumnos en el \u00e1mbito laboral, estamos trabajando con hoteles y hoy uno de nuestros alumnos Jose Apostolaqui esta como empleado en blanco y efectivo en un supermercado. Estas cosas nos llenan de alegr\u00eda\u201d remarc\u00f3 Yommy<\/p>\n\n\n\n<figure class=\"wp-block-image size-large\"><img loading=\"lazy\" decoding=\"async\" width=\"1024\" height=\"576\" src=\"https:\/\/actualizateiguazu.com\/v3\/wp-content\/uploads\/2022\/10\/IMG_20221003_085308997-1024x576.jpg\" alt=\"\" class=\"wp-image-32040\" srcset=\"https:\/\/actualizateiguazu.com\/v3\/wp-content\/uploads\/2022\/10\/IMG_20221003_085308997-1024x576.jpg 1024w, https:\/\/actualizateiguazu.com\/v3\/wp-content\/uploads\/2022\/10\/IMG_20221003_085308997-300x169.jpg 300w, https:\/\/actualizateiguazu.com\/v3\/wp-content\/uploads\/2022\/10\/IMG_20221003_085308997-768x432.jpg 768w, https:\/\/actualizateiguazu.com\/v3\/wp-content\/uploads\/2022\/10\/IMG_20221003_085308997-1536x864.jpg 1536w, https:\/\/actualizateiguazu.com\/v3\/wp-content\/uploads\/2022\/10\/IMG_20221003_085308997-2048x1152.jpg 2048w, https:\/\/actualizateiguazu.com\/v3\/wp-content\/uploads\/2022\/10\/IMG_20221003_085308997-800x450.jpg 800w\" sizes=\"auto, (max-width: 1024px) 100vw, 1024px\" \/><\/figure>\n\n\n\n<p>Las escuelas especiales trabajan intensamente en la inclusi\u00f3n de sus alumnos y en encaminarlos para una vida sin discriminaci\u00f3n.<\/p>\n","protected":false},"excerpt":{"rendered":"<p>Del 4 al 7 de octubre se celebra la Semana de la Educaci\u00f3n Especial bajo<\/p>\n","protected":false},"author":1,"featured_media":32039,"comment_status":"open","ping_status":"open","sticky":false,"template":"","format":"standard","meta":{"footnotes":""},"categories":[1,226],"tags":[],"class_list":["post-32035","post","type-post","status-publish","format-standard","has-post-thumbnail","hentry","category-actualidad","category-locales"],"_links":{"self":[{"href":"https:\/\/actualizateiguazu.com\/v3\/wp-json\/wp\/v2\/posts\/32035","targetHints":{"allow":["GET"]}}],"collection":[{"href":"https:\/\/actualizateiguazu.com\/v3\/wp-json\/wp\/v2\/posts"}],"about":[{"href":"https:\/\/actualizateiguazu.com\/v3\/wp-json\/wp\/v2\/types\/post"}],"author":[{"embeddable":true,"href":"https:\/\/actualizateiguazu.com\/v3\/wp-json\/wp\/v2\/users\/1"}],"replies":[{"embeddable":true,"href":"https:\/\/actualizateiguazu.com\/v3\/wp-json\/wp\/v2\/comments?post=32035"}],"version-history":[{"count":2,"href":"https:\/\/actualizateiguazu.com\/v3\/wp-json\/wp\/v2\/posts\/32035\/revisions"}],"predecessor-version":[{"id":32043,"href":"https:\/\/actualizateiguazu.com\/v3\/wp-json\/wp\/v2\/posts\/32035\/revisions\/32043"}],"wp:featuredmedia":[{"embeddable":true,"href":"https:\/\/actualizateiguazu.com\/v3\/wp-json\/wp\/v2\/media\/32039"}],"wp:attachment":[{"href":"https:\/\/actualizateiguazu.com\/v3\/wp-json\/wp\/v2\/media?parent=32035"}],"wp:term":[{"taxonomy":"category","embeddable":true,"href":"https:\/\/actualizateiguazu.com\/v3\/wp-json\/wp\/v2\/categories?post=32035"},{"taxonomy":"post_tag","embeddable":true,"href":"https:\/\/actualizateiguazu.com\/v3\/wp-json\/wp\/v2\/tags?post=32035"}],"curies":[{"name":"wp","href":"https:\/\/api.w.org\/{rel}","templated":true}]}}