{"id":32061,"date":"2022-10-03T21:09:06","date_gmt":"2022-10-04T00:09:06","guid":{"rendered":"https:\/\/actualizateiguazu.com\/v3\/?p=32061"},"modified":"2022-10-03T21:09:09","modified_gmt":"2022-10-04T00:09:09","slug":"en-noviembre-iguazu-tendra-el-black-friday-mundial-maravilla-del-mundo","status":"publish","type":"post","link":"https:\/\/actualizateiguazu.com\/v3\/2022\/10\/03\/en-noviembre-iguazu-tendra-el-black-friday-mundial-maravilla-del-mundo\/","title":{"rendered":"En noviembre Iguaz\u00fa tendr\u00e1 el Black Friday Mundial \u201cMaravilla del Mundo\u201d"},"content":{"rendered":"\n<p>El gobierno provincial proyecta un evento multitudinario de alto impacto que se desarrollara a mediados del mes de noviembre, se trata del Black Friday Mundial Maravilla del Mundo. Si bien a\u00fan no se han brindado muchos detalles al respecto el primer mandatario Oscar Hererra Ahuad adelanto \u201cSera a mediados de noviembre Black Friday Mundial \u201cMaravilla del mundo\u201d, ser\u00e1 un evento innovador que va a coincidir con el mundial, con pantalla gigantes y muchas sorpresas\u201d.<\/p>\n\n\n\n<figure class=\"wp-block-image size-large\"><img loading=\"lazy\" decoding=\"async\" width=\"1024\" height=\"768\" src=\"https:\/\/actualizateiguazu.com\/v3\/wp-content\/uploads\/2022\/10\/IMG_20210507_165519190-1024x768.jpg\" alt=\"\" class=\"wp-image-32063\" srcset=\"https:\/\/actualizateiguazu.com\/v3\/wp-content\/uploads\/2022\/10\/IMG_20210507_165519190-1024x768.jpg 1024w, https:\/\/actualizateiguazu.com\/v3\/wp-content\/uploads\/2022\/10\/IMG_20210507_165519190-300x225.jpg 300w, https:\/\/actualizateiguazu.com\/v3\/wp-content\/uploads\/2022\/10\/IMG_20210507_165519190-768x576.jpg 768w, https:\/\/actualizateiguazu.com\/v3\/wp-content\/uploads\/2022\/10\/IMG_20210507_165519190-1536x1152.jpg 1536w, https:\/\/actualizateiguazu.com\/v3\/wp-content\/uploads\/2022\/10\/IMG_20210507_165519190-2048x1536.jpg 2048w, https:\/\/actualizateiguazu.com\/v3\/wp-content\/uploads\/2022\/10\/IMG_20210507_165519190-720x540.jpg 720w\" sizes=\"auto, (max-width: 1024px) 100vw, 1024px\" \/><\/figure>\n\n\n\n<p>Este nuevo evento busca impulsar el sector comercial de Iguaz\u00fa y atraer a turistas de las tres fronteras y de todas partes del mundo que se encuentre visitando la ciudad. El ultimo Black Friday en Iguaz\u00fa se realiz\u00f3 en la ciudad de las cataratas fue mayo del a\u00f1o pasado, fue organizado por la C\u00e1mara de Comercio de Puerto Iguaz\u00fa y fue destinado al sector comercial, tur\u00edstico, alojamientos, gastronom\u00eda, atractivos tur\u00edsticos, transportes y dem\u00e1s servicios tur\u00edsticos de la ciudad con el fin de reactivar la econom\u00eda en tiempos de pandemia.<\/p>\n\n\n\n<p>Pr\u00f3ximamente el evento ser\u00e1 lanzado de forma oficial por el Gobernador Oscar Hererra Ahuad.<\/p>\n\n\n\n<p>\u2063<\/p>\n","protected":false},"excerpt":{"rendered":"<p>El gobierno provincial proyecta un evento multitudinario de alto impacto que se desarrollara a mediados<\/p>\n","protected":false},"author":1,"featured_media":32062,"comment_status":"open","ping_status":"open","sticky":false,"template":"","format":"standard","meta":{"footnotes":""},"categories":[1,226],"tags":[],"class_list":["post-32061","post","type-post","status-publish","format-standard","has-post-thumbnail","hentry","category-actualidad","category-locales"],"_links":{"self":[{"href":"https:\/\/actualizateiguazu.com\/v3\/wp-json\/wp\/v2\/posts\/32061","targetHints":{"allow":["GET"]}}],"collection":[{"href":"https:\/\/actualizateiguazu.com\/v3\/wp-json\/wp\/v2\/posts"}],"about":[{"href":"https:\/\/actualizateiguazu.com\/v3\/wp-json\/wp\/v2\/types\/post"}],"author":[{"embeddable":true,"href":"https:\/\/actualizateiguazu.com\/v3\/wp-json\/wp\/v2\/users\/1"}],"replies":[{"embeddable":true,"href":"https:\/\/actualizateiguazu.com\/v3\/wp-json\/wp\/v2\/comments?post=32061"}],"version-history":[{"count":1,"href":"https:\/\/actualizateiguazu.com\/v3\/wp-json\/wp\/v2\/posts\/32061\/revisions"}],"predecessor-version":[{"id":32064,"href":"https:\/\/actualizateiguazu.com\/v3\/wp-json\/wp\/v2\/posts\/32061\/revisions\/32064"}],"wp:featuredmedia":[{"embeddable":true,"href":"https:\/\/actualizateiguazu.com\/v3\/wp-json\/wp\/v2\/media\/32062"}],"wp:attachment":[{"href":"https:\/\/actualizateiguazu.com\/v3\/wp-json\/wp\/v2\/media?parent=32061"}],"wp:term":[{"taxonomy":"category","embeddable":true,"href":"https:\/\/actualizateiguazu.com\/v3\/wp-json\/wp\/v2\/categories?post=32061"},{"taxonomy":"post_tag","embeddable":true,"href":"https:\/\/actualizateiguazu.com\/v3\/wp-json\/wp\/v2\/tags?post=32061"}],"curies":[{"name":"wp","href":"https:\/\/api.w.org\/{rel}","templated":true}]}}