{"id":32065,"date":"2022-10-04T09:07:41","date_gmt":"2022-10-04T12:07:41","guid":{"rendered":"https:\/\/actualizateiguazu.com\/v3\/?p=32065"},"modified":"2022-10-04T09:07:43","modified_gmt":"2022-10-04T12:07:43","slug":"tras-6-meses-de-la-muerte-del-colono-en-andresito-no-hay-pistas-ni-detenidos","status":"publish","type":"post","link":"https:\/\/actualizateiguazu.com\/v3\/2022\/10\/04\/tras-6-meses-de-la-muerte-del-colono-en-andresito-no-hay-pistas-ni-detenidos\/","title":{"rendered":"Tras 6 meses de la muerte del colono en Andresito no hay pistas ni detenidos"},"content":{"rendered":"\n<p>La investigaci\u00f3n por el asesinato de Luis Omar Neis, el agricultor de 68 a\u00f1os que fue encontrado en avanzado estado de descomposici\u00f3n dentro de su chacra en Comandante Andresito el pasado 1 de mayo, sin las manos y con un disparo de arma de fuego en el pecho, esta en un callej\u00f3n sin salida. Sin detenidos ya que su hijo de 29 a\u00f1os que fue detenido una semana despu\u00e9s del hallazgo recuper\u00f3 la libertad a principio del mes de agosto. Su Hijo Dar\u00edo Neis reclama que no est\u00e1n trabajando resolver el homicidio y tampoco para hallar la camioneta.<\/p>\n\n\n\n<p>Dario Neis hijo de la victima reclama que la causa no avanza, no hay novedades, no hay detenidos y tampoco han logrado hallar la camioneta que la el es el clave para lograr resolver la causa y que su padre tenga justicia.<\/p>\n\n\n\n<p>\u201cla verdad, no queremos creer que la causa esta dormida en un caj\u00f3n del Juzgado. El \u00fanico detenido logro demostrar que no tiene relaci\u00f3n con la causa. Una vez estamos a la deriva, esperando que la justicia misionera logre dar con alg\u00fan sospecho y encuentren la Hilux que robaron a mi padre el d\u00eda del asesinato\u201d<\/p>\n\n\n\n<p>Uno de los reclamos constantes de la familia de Neis es el hallazgo del veh\u00edculo \u201cNo sabemos nada es como si a la camioneta se la trago la tierra. Ofrec\u00ed recompensa, habl\u00e9 con la gente. Realmente no quiero creer que para lograr que la causa avance tenga que poner plata y si es as\u00ed que me digan cuanto hay que poner y lo arreglamos. Quiero respuestas, alg\u00fan inicio algo, necesitamos saber que paso y quien mat\u00f3 a mi padre\u201d<\/p>\n\n\n\n<figure class=\"wp-block-image size-full\"><img loading=\"lazy\" decoding=\"async\" width=\"899\" height=\"847\" src=\"https:\/\/actualizateiguazu.com\/v3\/wp-content\/uploads\/2022\/10\/WhatsApp-Image-2022-10-03-at-1.42.00-PM.jpeg\" alt=\"\" class=\"wp-image-32067\" srcset=\"https:\/\/actualizateiguazu.com\/v3\/wp-content\/uploads\/2022\/10\/WhatsApp-Image-2022-10-03-at-1.42.00-PM.jpeg 899w, https:\/\/actualizateiguazu.com\/v3\/wp-content\/uploads\/2022\/10\/WhatsApp-Image-2022-10-03-at-1.42.00-PM-300x283.jpeg 300w, https:\/\/actualizateiguazu.com\/v3\/wp-content\/uploads\/2022\/10\/WhatsApp-Image-2022-10-03-at-1.42.00-PM-768x724.jpeg 768w\" sizes=\"auto, (max-width: 899px) 100vw, 899px\" \/><figcaption>Dario Neis hijo de la victima<\/figcaption><\/figure>\n\n\n\n<p>Los hijos de Neis, debieron hacerse cargo de los negocios familiares, sin embargo la situaci\u00f3n de no saber que paso con su padre y el hecho de ver que la causa no avanza les genera incertidumbre y temen que el caso no se resuelva y su padre se quede sin justicia.<\/p>\n\n\n\n<p><strong>El caso<\/strong><\/p>\n\n\n\n<p>Seg\u00fan lo que reconstruy\u00f3 este matutino en base a fuentes que intervienen en la pesquisa, se sabe que Neis viv\u00eda solo en el Paraje Pen\u00ednsula y que fue encontrado muerto por un amigo y vecino de la zona, a quien le extra\u00f1\u00f3 que la tranquera de la propiedad de la v\u00edctima llevara varios d\u00edas abierta.<\/p>\n\n\n\n<p>Por ello, decidi\u00f3 ir a investigar, ingres\u00f3 y lo encontr\u00f3 sin las manos, debajo de un \u00e1rbol de pomelo, a unos 50 metros de la vivienda.<\/p>\n\n\n\n<p>Los profesionales que realizaron la autopsia detectaron una lesi\u00f3n de arma de fuego que ingres\u00f3 por el t\u00f3rax, munici\u00f3n que qued\u00f3 alojada en una costilla. El proyectil pudo ser extra\u00eddo y qued\u00f3 incautado en el marco de la investigaci\u00f3n. Luego se determin\u00f3 que hab\u00eda salido de una de las armas incautadas en la vivienda.<\/p>\n\n\n\n<p>Los investigadores secuestraron un celular, una libreta con anotaciones, una tarjeta, un chip de celular de una empresa brasile\u00f1a, dos chips argentinos y una licencia de conducir vieja. Tambi\u00e9n hallaron pastillas de viagra y profil\u00e1cticos usados, por lo que podr\u00eda inferirse que mantuvo relaciones sexuales con otra persona en su domicilio d\u00edas antes. Tampoco estaba su camioneta Toyota Hilux.<\/p>\n\n\n\n<p>Marcos Alejandro (29) hab\u00eda sido detenido como el principal sospechoso del crimen de su padre, Luis Omar Neis (68), hallado con un disparo en el pecho en su chacra<\/p>\n\n\n\n<p>Marcos fue imputado en la audiencia indagatoria por homicidio calificado por el v\u00ednculo y robo. Entonces decidi\u00f3 dar su versi\u00f3n de los hechos y desligarse del crimen ante el juez que entiende en la causa, el titular del Juzgado de Instrucci\u00f3n Tres de Puerto Iguaz\u00fa, Mart\u00edn Brites.<\/p>\n\n\n\n<p>Luego de 3 meses de investigaci\u00f3n la Justicia no hall\u00f3 elementos contundentes en su contra, por lo que se decidi\u00f3 su liberaci\u00f3n por falta de m\u00e9rito.<\/p>\n\n\n\n<p>Seg\u00fan pudo saber este medio, se deb\u00eda resolver su situaci\u00f3n procesal y el magistrado no hall\u00f3 los elementos suficientes para dictar la prisi\u00f3n preventiva y se decidi\u00f3 de oficio su liberaci\u00f3n. De todas formas, la investigaci\u00f3n que busca esclarecer el crimen deber\u00e1 continuar y se solicit\u00f3 que se intensifiquen las pesquisas.<\/p>\n","protected":false},"excerpt":{"rendered":"<p>La investigaci\u00f3n por el asesinato de Luis Omar Neis, el agricultor de 68 a\u00f1os que<\/p>\n","protected":false},"author":1,"featured_media":32066,"comment_status":"open","ping_status":"open","sticky":false,"template":"","format":"standard","meta":{"footnotes":""},"categories":[1,226],"tags":[],"class_list":["post-32065","post","type-post","status-publish","format-standard","has-post-thumbnail","hentry","category-actualidad","category-locales"],"_links":{"self":[{"href":"https:\/\/actualizateiguazu.com\/v3\/wp-json\/wp\/v2\/posts\/32065","targetHints":{"allow":["GET"]}}],"collection":[{"href":"https:\/\/actualizateiguazu.com\/v3\/wp-json\/wp\/v2\/posts"}],"about":[{"href":"https:\/\/actualizateiguazu.com\/v3\/wp-json\/wp\/v2\/types\/post"}],"author":[{"embeddable":true,"href":"https:\/\/actualizateiguazu.com\/v3\/wp-json\/wp\/v2\/users\/1"}],"replies":[{"embeddable":true,"href":"https:\/\/actualizateiguazu.com\/v3\/wp-json\/wp\/v2\/comments?post=32065"}],"version-history":[{"count":1,"href":"https:\/\/actualizateiguazu.com\/v3\/wp-json\/wp\/v2\/posts\/32065\/revisions"}],"predecessor-version":[{"id":32068,"href":"https:\/\/actualizateiguazu.com\/v3\/wp-json\/wp\/v2\/posts\/32065\/revisions\/32068"}],"wp:featuredmedia":[{"embeddable":true,"href":"https:\/\/actualizateiguazu.com\/v3\/wp-json\/wp\/v2\/media\/32066"}],"wp:attachment":[{"href":"https:\/\/actualizateiguazu.com\/v3\/wp-json\/wp\/v2\/media?parent=32065"}],"wp:term":[{"taxonomy":"category","embeddable":true,"href":"https:\/\/actualizateiguazu.com\/v3\/wp-json\/wp\/v2\/categories?post=32065"},{"taxonomy":"post_tag","embeddable":true,"href":"https:\/\/actualizateiguazu.com\/v3\/wp-json\/wp\/v2\/tags?post=32065"}],"curies":[{"name":"wp","href":"https:\/\/api.w.org\/{rel}","templated":true}]}}