{"id":32096,"date":"2022-10-04T20:43:54","date_gmt":"2022-10-04T23:43:54","guid":{"rendered":"https:\/\/actualizateiguazu.com\/v3\/?p=32096"},"modified":"2022-10-04T20:43:57","modified_gmt":"2022-10-04T23:43:57","slug":"se-realizara-en-iguazu-el-encuentro-provincial-de-innovacion-turistica-y-desarrollo-regional","status":"publish","type":"post","link":"https:\/\/actualizateiguazu.com\/v3\/2022\/10\/04\/se-realizara-en-iguazu-el-encuentro-provincial-de-innovacion-turistica-y-desarrollo-regional\/","title":{"rendered":"Se realizar\u00e1 en Iguaz\u00fa el Encuentro provincial de Innovaci\u00f3n Tur\u00edstica y Desarrollo Regional"},"content":{"rendered":"\n<p>Junto a un gran grupo de profesionales se analizar\u00e1n perspectivas, tendencias y evoluci\u00f3n de las nuevas tecnolog\u00edas del sector tur\u00edstico, el encuentro, se realizar\u00e1 el pr\u00f3ximo 12 de octubre en el Instituto Tecnol\u00f3gico de Iguaz\u00fa de 10 a 15 horas. MarkeTur est\u00e1 orientado a representantes del sector acad\u00e9mico, emprendedores, profesionales y estudiantes que est\u00e9n vinculados al turismo. La actividad es gratuita y los interesados deben inscribirse.<\/p>\n\n\n\n<p>El objetivo MarkeTur es acercar herramientas que potencien a todo el sector tur\u00edstico (desde lo cl\u00e1sico como ser hoteler\u00eda y gastronom\u00eda) hasta toda actividad econ\u00f3mica que entra en contacto con el turista (artesanos, gu\u00edas tur\u00edsticos, comerciantes, etc.) Esto se ser\u00e1 posible a trav\u00e9s del an\u00e1lisis de diversos \u00e1ngulos, principalmente desde el uso de la tecnolog\u00eda y el manejo de informaci\u00f3n.<\/p>\n\n\n\n<p>Si bien la tecnolog\u00eda propone una manera de obtenci\u00f3n de datos, \u00e9sta no es la \u00fanica, y por ello es que durante este evento se har\u00e1 la presentaci\u00f3n y lanzamiento del programa \u00abexperiencia del cliente\u00bb, el cual ya se ha llevado adelante en Posadas, generando excelentes resultados. Este programa, al igual que lo antes mencionado, se enmarca en la artiller\u00eda de herramientas y conocimientos que se pondr\u00e1 a disposici\u00f3n de los presentes durante el evento.<\/p>\n\n\n\n<p>La charla de innovaci\u00f3n en la gesti\u00f3n y visi\u00f3n de destinos tur\u00edsticos estar\u00e1 a cargo de H\u00e9ctor de Binidictis, Gestor cultural, Docente, m\u00fasico, fot\u00f3grafo. Asesor del ministro de Cultura de la Provincia de Santa Fe, Asesor del Curso Internacional de Mercadotecnia Tur\u00edstica de la Universidad de Cantabria; Asesor de la cadena de hoteles Solans.<\/p>\n\n\n\n<p>Importante destacar que el evento es de entrada libre y gratuita, a sola inscripci\u00f3n mediante link <a href=\"https:\/\/acortar.link\/GAdB88\">https:\/\/acortar.link\/GAdB88<\/a><\/p>\n\n\n\n<p>Programa de MarkeTur<\/p>\n\n\n\n<p>10 Hs&nbsp; Palabras de bienvenida y apertura oficial del congreso. Saludo de autoridades<\/p>\n\n\n\n<p>10.15 El viaje del turista comienza en WhatsApp<\/p>\n\n\n\n<p>11.00 fondo de cr\u00e9dito: presentaci\u00f3n de l\u00edneas<\/p>\n\n\n\n<p>&nbsp;11.30 Innovaci\u00f3n en la gesti\u00f3n y visi\u00f3n de destinos tur\u00edsticos<\/p>\n\n\n\n<p>12.40 corte almuerzo degustaci\u00f3n alumnos Itec<\/p>\n\n\n\n<p>13:30 Tendencias digitales: de la teor\u00eda a la pr\u00e1ctica.<\/p>\n\n\n\n<p>14.00 Presentaci\u00f3n programa experiencia al visitante<\/p>\n\n\n\n<p>14.40 El rol de las organizaciones tur\u00edsticas en la creaci\u00f3n de destinos m\u00e1s sostenibles: Cuando la Demanda orienta y la Oferta transforma.<\/p>\n\n\n\n<p>15.30 cierre<\/p>\n","protected":false},"excerpt":{"rendered":"<p>Junto a un gran grupo de profesionales se analizar\u00e1n perspectivas, tendencias y evoluci\u00f3n de las<\/p>\n","protected":false},"author":1,"featured_media":32097,"comment_status":"open","ping_status":"open","sticky":false,"template":"","format":"standard","meta":{"footnotes":""},"categories":[1,226,234],"tags":[],"class_list":["post-32096","post","type-post","status-publish","format-standard","has-post-thumbnail","hentry","category-actualidad","category-locales","category-turismo"],"_links":{"self":[{"href":"https:\/\/actualizateiguazu.com\/v3\/wp-json\/wp\/v2\/posts\/32096","targetHints":{"allow":["GET"]}}],"collection":[{"href":"https:\/\/actualizateiguazu.com\/v3\/wp-json\/wp\/v2\/posts"}],"about":[{"href":"https:\/\/actualizateiguazu.com\/v3\/wp-json\/wp\/v2\/types\/post"}],"author":[{"embeddable":true,"href":"https:\/\/actualizateiguazu.com\/v3\/wp-json\/wp\/v2\/users\/1"}],"replies":[{"embeddable":true,"href":"https:\/\/actualizateiguazu.com\/v3\/wp-json\/wp\/v2\/comments?post=32096"}],"version-history":[{"count":1,"href":"https:\/\/actualizateiguazu.com\/v3\/wp-json\/wp\/v2\/posts\/32096\/revisions"}],"predecessor-version":[{"id":32098,"href":"https:\/\/actualizateiguazu.com\/v3\/wp-json\/wp\/v2\/posts\/32096\/revisions\/32098"}],"wp:featuredmedia":[{"embeddable":true,"href":"https:\/\/actualizateiguazu.com\/v3\/wp-json\/wp\/v2\/media\/32097"}],"wp:attachment":[{"href":"https:\/\/actualizateiguazu.com\/v3\/wp-json\/wp\/v2\/media?parent=32096"}],"wp:term":[{"taxonomy":"category","embeddable":true,"href":"https:\/\/actualizateiguazu.com\/v3\/wp-json\/wp\/v2\/categories?post=32096"},{"taxonomy":"post_tag","embeddable":true,"href":"https:\/\/actualizateiguazu.com\/v3\/wp-json\/wp\/v2\/tags?post=32096"}],"curies":[{"name":"wp","href":"https:\/\/api.w.org\/{rel}","templated":true}]}}