{"id":32149,"date":"2022-10-07T07:13:47","date_gmt":"2022-10-07T10:13:47","guid":{"rendered":"https:\/\/actualizateiguazu.com\/v3\/?p=32149"},"modified":"2022-10-07T07:13:50","modified_gmt":"2022-10-07T10:13:50","slug":"la-alta-demanda-provoca-la-suba-de-los-precios-en-los-alquileres-de-locales-comerciales","status":"publish","type":"post","link":"https:\/\/actualizateiguazu.com\/v3\/2022\/10\/07\/la-alta-demanda-provoca-la-suba-de-los-precios-en-los-alquileres-de-locales-comerciales\/","title":{"rendered":"La alta demanda provoca la suba de los precios en los alquileres de locales comerciales"},"content":{"rendered":"\n<p>Luego de la reactivaci\u00f3n econ\u00f3mica de Puerto Iguaz\u00fa, poco a poco los locales comerciales volvieron a ser ocupados, algunos por sus antiguos due\u00f1os y en otros casos por nuevos locatarios. Actualmente en el centro de la ciudad no se consiguen locales comerciales para alquiler y la alta demanda provoc\u00f3 un considerable aumento en el valor del alquiler mensual.<\/p>\n\n\n\n<p>La mayor\u00eda de las inmobiliarias que trabajan en Puerto Iguaz\u00fa coinciden en que la demanda de locales comerciales para alquileres ha crecido considerablemente desde el inicio del a\u00f1o, incluso se han instalado nuevas marcas y franquicias que no estaban antes de la pandemia. Es decir que las empresas vieron la oportunidad de instalarse en el destino que registra un importante crecimiento econ\u00f3mico que fue progresivo desde la apertura de las fronteras.<\/p>\n\n\n\n<figure class=\"wp-block-image size-large\"><img loading=\"lazy\" decoding=\"async\" width=\"1024\" height=\"576\" src=\"https:\/\/actualizateiguazu.com\/v3\/wp-content\/uploads\/2022\/10\/IMG_20221006_173931265-1024x576.jpg\" alt=\"\" class=\"wp-image-32151\" srcset=\"https:\/\/actualizateiguazu.com\/v3\/wp-content\/uploads\/2022\/10\/IMG_20221006_173931265-1024x576.jpg 1024w, https:\/\/actualizateiguazu.com\/v3\/wp-content\/uploads\/2022\/10\/IMG_20221006_173931265-300x169.jpg 300w, https:\/\/actualizateiguazu.com\/v3\/wp-content\/uploads\/2022\/10\/IMG_20221006_173931265-768x432.jpg 768w, https:\/\/actualizateiguazu.com\/v3\/wp-content\/uploads\/2022\/10\/IMG_20221006_173931265-1536x864.jpg 1536w, https:\/\/actualizateiguazu.com\/v3\/wp-content\/uploads\/2022\/10\/IMG_20221006_173931265-2048x1152.jpg 2048w, https:\/\/actualizateiguazu.com\/v3\/wp-content\/uploads\/2022\/10\/IMG_20221006_173931265-800x450.jpg 800w\" sizes=\"auto, (max-width: 1024px) 100vw, 1024px\" \/><\/figure>\n\n\n\n<p>\u201cNosotros no contamos con ning\u00fan local comercial para alquiler, sin embargo, recibimos consultas y pedidos todos los d\u00edas sobre los locales. En el centro de la ciudad no hay lugares disponibles. Quiz\u00e1s en los barrios, pero no en las zonas mas transitadas\u201d explico Joaqu\u00edn Barreto propietario de Misiones Inmobiliaria.<\/p>\n\n\n\n<p>Haciendo referencia a los precios Barreto indic\u00f3 \u201cla alta demanda provoc\u00f3 un aumento en los precios, un local comercial de 50 metros cuadrados en el centro de la ciudad paso a costar de 30 mil pesos mensuales a 80 mil\u201d<\/p>\n\n\n\n<p>Actualmente el sector comercial est\u00e1 creciendo e Incluso se han refaccionado locales comerciales que estaban cerrados por varios a\u00f1os antes de la pandemia e incluso se han vendido propiedades a cadenas internacionales como Hard Rock que esta refaccionado un local de 600 metros cuadrados para instalar uno de los 10 locales mas grandes del mundo que tiene como fecha de apertura en agosto del 2.023<\/p>\n","protected":false},"excerpt":{"rendered":"<p>Luego de la reactivaci\u00f3n econ\u00f3mica de Puerto Iguaz\u00fa, poco a poco los locales comerciales volvieron<\/p>\n","protected":false},"author":1,"featured_media":32150,"comment_status":"open","ping_status":"open","sticky":false,"template":"","format":"standard","meta":{"footnotes":""},"categories":[1,226],"tags":[],"class_list":["post-32149","post","type-post","status-publish","format-standard","has-post-thumbnail","hentry","category-actualidad","category-locales"],"_links":{"self":[{"href":"https:\/\/actualizateiguazu.com\/v3\/wp-json\/wp\/v2\/posts\/32149","targetHints":{"allow":["GET"]}}],"collection":[{"href":"https:\/\/actualizateiguazu.com\/v3\/wp-json\/wp\/v2\/posts"}],"about":[{"href":"https:\/\/actualizateiguazu.com\/v3\/wp-json\/wp\/v2\/types\/post"}],"author":[{"embeddable":true,"href":"https:\/\/actualizateiguazu.com\/v3\/wp-json\/wp\/v2\/users\/1"}],"replies":[{"embeddable":true,"href":"https:\/\/actualizateiguazu.com\/v3\/wp-json\/wp\/v2\/comments?post=32149"}],"version-history":[{"count":1,"href":"https:\/\/actualizateiguazu.com\/v3\/wp-json\/wp\/v2\/posts\/32149\/revisions"}],"predecessor-version":[{"id":32152,"href":"https:\/\/actualizateiguazu.com\/v3\/wp-json\/wp\/v2\/posts\/32149\/revisions\/32152"}],"wp:featuredmedia":[{"embeddable":true,"href":"https:\/\/actualizateiguazu.com\/v3\/wp-json\/wp\/v2\/media\/32150"}],"wp:attachment":[{"href":"https:\/\/actualizateiguazu.com\/v3\/wp-json\/wp\/v2\/media?parent=32149"}],"wp:term":[{"taxonomy":"category","embeddable":true,"href":"https:\/\/actualizateiguazu.com\/v3\/wp-json\/wp\/v2\/categories?post=32149"},{"taxonomy":"post_tag","embeddable":true,"href":"https:\/\/actualizateiguazu.com\/v3\/wp-json\/wp\/v2\/tags?post=32149"}],"curies":[{"name":"wp","href":"https:\/\/api.w.org\/{rel}","templated":true}]}}