{"id":32153,"date":"2022-10-07T07:59:50","date_gmt":"2022-10-07T10:59:50","guid":{"rendered":"https:\/\/actualizateiguazu.com\/v3\/?p=32153"},"modified":"2022-10-07T07:59:52","modified_gmt":"2022-10-07T10:59:52","slug":"colisionaron-una-van-con-14-pasajeros-y-un-remis-camino-al-aeropuerto-de-iguazu","status":"publish","type":"post","link":"https:\/\/actualizateiguazu.com\/v3\/2022\/10\/07\/colisionaron-una-van-con-14-pasajeros-y-un-remis-camino-al-aeropuerto-de-iguazu\/","title":{"rendered":"Colisionaron una van con 14 pasajeros y un remis camino al aeropuerto de Iguaz\u00fa"},"content":{"rendered":"\n<p>La colisi\u00f3n frontal dejo da\u00f1os materiales, y afortunadamente ninguno de los pasajeros registro heridas de gravedad. El hecho se registr\u00f3 anoche pasadas las 20 horas sobre Ruta Nacional N\u00b0101, 3 km antes del acceso al aeropuerto.<\/p>\n\n\n\n<p>Al arribar la comisi\u00f3n policial avistaron un veh\u00edculo un Fiat Siena conducido por el ciudadano Luis Oscar S de 62 a\u00f1os de edad, que por causas que se tratan de establecer impact\u00f3 con una Sprinter que trasladaba 14 pasajeros entre ellos 3 menores los cuales ya se habr\u00edan retirado del lugar aparentemente sin lesiones.<\/p>\n\n\n\n<figure class=\"wp-block-image size-full\"><img loading=\"lazy\" decoding=\"async\" width=\"893\" height=\"750\" src=\"https:\/\/actualizateiguazu.com\/v3\/wp-content\/uploads\/2022\/10\/WhatsApp-Image-2022-10-07-at-7.44.36-AM-1.jpeg\" alt=\"\" class=\"wp-image-32154\" srcset=\"https:\/\/actualizateiguazu.com\/v3\/wp-content\/uploads\/2022\/10\/WhatsApp-Image-2022-10-07-at-7.44.36-AM-1.jpeg 893w, https:\/\/actualizateiguazu.com\/v3\/wp-content\/uploads\/2022\/10\/WhatsApp-Image-2022-10-07-at-7.44.36-AM-1-300x252.jpeg 300w, https:\/\/actualizateiguazu.com\/v3\/wp-content\/uploads\/2022\/10\/WhatsApp-Image-2022-10-07-at-7.44.36-AM-1-768x645.jpeg 768w\" sizes=\"auto, (max-width: 893px) 100vw, 893px\" \/><\/figure>\n\n\n\n<p>Acudieron al lugar los Bomberos Voluntarios quienes auxiliaron a las v\u00edctimas, el conductor del veh\u00edculo menor recibi\u00f3 asistencia m\u00e9dica.<\/p>\n","protected":false},"excerpt":{"rendered":"<p>La colisi\u00f3n frontal dejo da\u00f1os materiales, y afortunadamente ninguno de los pasajeros registro heridas de<\/p>\n","protected":false},"author":1,"featured_media":32155,"comment_status":"open","ping_status":"open","sticky":false,"template":"","format":"standard","meta":{"footnotes":""},"categories":[1,226,228],"tags":[],"class_list":["post-32153","post","type-post","status-publish","format-standard","has-post-thumbnail","hentry","category-actualidad","category-locales","category-policiales"],"_links":{"self":[{"href":"https:\/\/actualizateiguazu.com\/v3\/wp-json\/wp\/v2\/posts\/32153","targetHints":{"allow":["GET"]}}],"collection":[{"href":"https:\/\/actualizateiguazu.com\/v3\/wp-json\/wp\/v2\/posts"}],"about":[{"href":"https:\/\/actualizateiguazu.com\/v3\/wp-json\/wp\/v2\/types\/post"}],"author":[{"embeddable":true,"href":"https:\/\/actualizateiguazu.com\/v3\/wp-json\/wp\/v2\/users\/1"}],"replies":[{"embeddable":true,"href":"https:\/\/actualizateiguazu.com\/v3\/wp-json\/wp\/v2\/comments?post=32153"}],"version-history":[{"count":1,"href":"https:\/\/actualizateiguazu.com\/v3\/wp-json\/wp\/v2\/posts\/32153\/revisions"}],"predecessor-version":[{"id":32156,"href":"https:\/\/actualizateiguazu.com\/v3\/wp-json\/wp\/v2\/posts\/32153\/revisions\/32156"}],"wp:featuredmedia":[{"embeddable":true,"href":"https:\/\/actualizateiguazu.com\/v3\/wp-json\/wp\/v2\/media\/32155"}],"wp:attachment":[{"href":"https:\/\/actualizateiguazu.com\/v3\/wp-json\/wp\/v2\/media?parent=32153"}],"wp:term":[{"taxonomy":"category","embeddable":true,"href":"https:\/\/actualizateiguazu.com\/v3\/wp-json\/wp\/v2\/categories?post=32153"},{"taxonomy":"post_tag","embeddable":true,"href":"https:\/\/actualizateiguazu.com\/v3\/wp-json\/wp\/v2\/tags?post=32153"}],"curies":[{"name":"wp","href":"https:\/\/api.w.org\/{rel}","templated":true}]}}