{"id":32157,"date":"2022-10-07T08:14:46","date_gmt":"2022-10-07T11:14:46","guid":{"rendered":"https:\/\/actualizateiguazu.com\/v3\/?p=32157"},"modified":"2022-10-07T08:14:50","modified_gmt":"2022-10-07T11:14:50","slug":"hoy-la-feria-de-artesanias-del-mercosur-abre-sus-puertas-con-200-expositores","status":"publish","type":"post","link":"https:\/\/actualizateiguazu.com\/v3\/2022\/10\/07\/hoy-la-feria-de-artesanias-del-mercosur-abre-sus-puertas-con-200-expositores\/","title":{"rendered":"Hoy la Feria de Artesan\u00edas del Mercosur abre sus puertas con 200 expositores"},"content":{"rendered":"\n<p>Tras dos a\u00f1os de pandemia, La Fundaci\u00f3n de Artesan\u00edas Misioneras con el Apoyo del Concejo Federal de Inversiones retoman uno de los eventos culturales m\u00e1s aclamados de la zona que pone en valor las Artesan\u00edas Misioneras. Est\u00e1 previsto que se realice el acto de apertura a las 16.30 horas y desde ese momento quedara habilitada la misma en el Centro de Eventos y Convenciones del Amerian Portal del Iguaz\u00fa.<\/p>\n\n\n\n<p>Mas de 200 expositores han confirmado la presencia, en su mayor\u00eda son Misioneros excepto el sector de artesan\u00edas de los pueblos originarios donde artesanos de las comunidades de otras provincias estar\u00e1n exponiendo y comercializando sus trabajos. \u201cEste a\u00f1o volvemos a las ra\u00edces, la primera edici\u00f3n buscaba promover las artesan\u00edas de los Misioneros y relacionarlas con el turismo, por lo que siempre se realiz\u00f3 durante el fin de semana largo de octubre. En esta oportunidad ser\u00e1n 200 expositores que pondr\u00e1n en valor sus productos en una de las ferias m\u00e1s importantes de la zona\u201d manifest\u00f3 Silvana Gim\u00e9nez presidente de la Fundaci\u00f3n de Artesan\u00edas del Mercosur.<\/p>\n\n\n\n<figure class=\"wp-block-image size-large\"><img loading=\"lazy\" decoding=\"async\" width=\"1024\" height=\"768\" src=\"https:\/\/actualizateiguazu.com\/v3\/wp-content\/uploads\/2022\/10\/IMG_20191114_170517345-1024x768.jpg\" alt=\"\" class=\"wp-image-32158\" srcset=\"https:\/\/actualizateiguazu.com\/v3\/wp-content\/uploads\/2022\/10\/IMG_20191114_170517345-1024x768.jpg 1024w, https:\/\/actualizateiguazu.com\/v3\/wp-content\/uploads\/2022\/10\/IMG_20191114_170517345-300x225.jpg 300w, https:\/\/actualizateiguazu.com\/v3\/wp-content\/uploads\/2022\/10\/IMG_20191114_170517345-768x576.jpg 768w, https:\/\/actualizateiguazu.com\/v3\/wp-content\/uploads\/2022\/10\/IMG_20191114_170517345-1536x1152.jpg 1536w, https:\/\/actualizateiguazu.com\/v3\/wp-content\/uploads\/2022\/10\/IMG_20191114_170517345-2048x1536.jpg 2048w, https:\/\/actualizateiguazu.com\/v3\/wp-content\/uploads\/2022\/10\/IMG_20191114_170517345-720x540.jpg 720w\" sizes=\"auto, (max-width: 1024px) 100vw, 1024px\" \/><\/figure>\n\n\n\n<p>Esta 10\u00ba edici\u00f3n cuenta con un plus, se trata del 1\u00ba Festival de Arte Sonoro Ind\u00edgena que pone foco en la m\u00fasica de los originarios del territorio argentino, propiciando el encuentro entre sus hacedores a lo largo y ancho de nuestro pa\u00eds, aportando a la salvaguarda de uno de nuestros m\u00e1s preciados Patrimonios Culturales Inmateriales de nuestro pa\u00eds. Al respecto Elio Ilkov coordinador Nacional de Instituto Nacional de la M\u00fasica comento \u201cEste primer festival sonoro, no solamente tendr\u00e1 m\u00fasica sino, que incluye cine, moda y m\u00fasica. Tendremos 70 artistas y se desarrollara desde el 8 hasta el 10 de octubre\u201d<\/p>\n\n\n\n<p>Cabe destacar que los artesanos y m\u00fasicos de las comunidades Mbya Guaran\u00ed de Puerto Iguaz\u00fa estar\u00e1n presentes en el Festival Sonoro como en la Feria de artesan\u00edas.<\/p>\n","protected":false},"excerpt":{"rendered":"<p>Tras dos a\u00f1os de pandemia, La Fundaci\u00f3n de Artesan\u00edas Misioneras con el Apoyo del Concejo<\/p>\n","protected":false},"author":1,"featured_media":32160,"comment_status":"open","ping_status":"open","sticky":false,"template":"","format":"standard","meta":{"footnotes":""},"categories":[1,222,226],"tags":[],"class_list":["post-32157","post","type-post","status-publish","format-standard","has-post-thumbnail","hentry","category-actualidad","category-cultura","category-locales"],"_links":{"self":[{"href":"https:\/\/actualizateiguazu.com\/v3\/wp-json\/wp\/v2\/posts\/32157","targetHints":{"allow":["GET"]}}],"collection":[{"href":"https:\/\/actualizateiguazu.com\/v3\/wp-json\/wp\/v2\/posts"}],"about":[{"href":"https:\/\/actualizateiguazu.com\/v3\/wp-json\/wp\/v2\/types\/post"}],"author":[{"embeddable":true,"href":"https:\/\/actualizateiguazu.com\/v3\/wp-json\/wp\/v2\/users\/1"}],"replies":[{"embeddable":true,"href":"https:\/\/actualizateiguazu.com\/v3\/wp-json\/wp\/v2\/comments?post=32157"}],"version-history":[{"count":1,"href":"https:\/\/actualizateiguazu.com\/v3\/wp-json\/wp\/v2\/posts\/32157\/revisions"}],"predecessor-version":[{"id":32161,"href":"https:\/\/actualizateiguazu.com\/v3\/wp-json\/wp\/v2\/posts\/32157\/revisions\/32161"}],"wp:featuredmedia":[{"embeddable":true,"href":"https:\/\/actualizateiguazu.com\/v3\/wp-json\/wp\/v2\/media\/32160"}],"wp:attachment":[{"href":"https:\/\/actualizateiguazu.com\/v3\/wp-json\/wp\/v2\/media?parent=32157"}],"wp:term":[{"taxonomy":"category","embeddable":true,"href":"https:\/\/actualizateiguazu.com\/v3\/wp-json\/wp\/v2\/categories?post=32157"},{"taxonomy":"post_tag","embeddable":true,"href":"https:\/\/actualizateiguazu.com\/v3\/wp-json\/wp\/v2\/tags?post=32157"}],"curies":[{"name":"wp","href":"https:\/\/api.w.org\/{rel}","templated":true}]}}