{"id":32169,"date":"2022-10-08T06:32:04","date_gmt":"2022-10-08T09:32:04","guid":{"rendered":"https:\/\/actualizateiguazu.com\/v3\/?p=32169"},"modified":"2022-10-08T06:32:06","modified_gmt":"2022-10-08T09:32:06","slug":"en-la-ciudad-de-las-cataratas-resonara-la-musica-ancestral","status":"publish","type":"post","link":"https:\/\/actualizateiguazu.com\/v3\/2022\/10\/08\/en-la-ciudad-de-las-cataratas-resonara-la-musica-ancestral\/","title":{"rendered":"En la Ciudad de las Cataratas resonar\u00e1 la m\u00fasica ancestral"},"content":{"rendered":"\n<p><a href=\"https:\/\/www.elterritorio.com.ar\/autor\/53-corresponsalia-puerto-iguazu\"><\/a>En la tarde de ayer se realiz\u00f3 la presentaci\u00f3n de la primera edici\u00f3n del Festival de Arte Sonoro Ind\u00edgena que se desarrollar\u00e1 desde hoy y hasta el lunes en el Centro de Eventos y Convenciones de Puerto Iguaz\u00fa.<br><br>Este encuentro que congrega a alrededor de 70 artistas de pueblos originarios es organizado por el Ministerio de Cultura de la Naci\u00f3n y el Instituto Nacional de la M\u00fasica (Inamu), junto al Ministerio de Cultura de la Provincia de Misiones y la Municipalidad de Puerto Iguaz\u00fa y tiene lugar en sincron\u00eda con la X Feria de Artesan\u00edas del Mercosur, impulsada por la Fundaci\u00f3n de Artesan\u00edas Misioneras (FAM).<br><br>As\u00ed, desde hoy a las 19 y por tres d\u00edas, m\u00fasicos y m\u00fasicas solistas, agrupaciones y coros de pueblos originarios del territorio argentino compartir\u00e1n su arte ancestral representando la cultura originaria de su regi\u00f3n (kolla, mbya guaran\u00ed, wichi, qom, huarpe, charr\u00faa y mapuche).<br><br>En la tarde de ayer, Charo Bogar\u00edn, vicepresidenta del Inamu y Joselo Schuap, titular de Cultura de la Provincia, en ocasi\u00f3n del lanzamiento del festival resaltaron el valor de este espacio para visibilizar el arte y la cultura originaria e invitaron a toda la comunidad local y a los turistas a disfrutar de esta propuesta que tiene variadas actividades.<br><br><strong>\u201cCambio de paradigma\u201d<\/strong><br>Schuap manifest\u00f3 que \u201cvamos a tener la posibilidad de mostrar la m\u00fasica que siempre fue muy discriminada, porque no es la m\u00fasica de moda. Pero nosotros estamos cambiando el paradigma incluyendo a las culturas milenarias\u201d.<br><br>En tanto, Bogar\u00edn expres\u00f3: \u201cTendremos siete culturas de los pueblos originarios (en el festival) que ser\u00e1n recibidas por los coros mbya, tambi\u00e9n habr\u00e1 cine de los pueblos originarios, m\u00fasica, y as\u00ed mostraremos el trabajo de los artistas independientes de este sector que es el m\u00e1s relegado de la industria\u201d.<br><br><strong>Patrimonio inmaterial<\/strong><br>El Festival de Arte Sonoro Ind\u00edgena pone foco en la m\u00fasica de los pueblos originarios del territorio argentino, propiciando el encuentro entre sus hacedores a lo largo y ancho de nuestro pa\u00eds, aportando a la salvaguarda de uno de nuestros m\u00e1s preciados patrimonios culturales inmateriales.<br><br>Desde la organizaci\u00f3n dieron a conocer que el festival incluye otras expresiones art\u00edsticas, como literatura, moda autosustentable, producci\u00f3n agroecol\u00f3gica (a trav\u00e9s de la yerba Guayaqu\u00ed) y cine, con filmes con tem\u00e1tica ind\u00edgena y musical, que ser\u00e1n proyectados en el espacio Incaa (situado en el Iturem), con el actor Juan Palomino como presentador.<\/p>\n\n\n\n<p><img loading=\"lazy\" decoding=\"async\" src=\"https:\/\/mirror3.cdn.net.ar\/mirror3\/2022\/10\/mirror3\/images\/28\/2881_902690b813e289e747dd10ac5bc8a6e70548fe01a2ac013378e358971d8d49e0\/lg.jpg\" width=\"917\" height=\"587\">Hoy a las 17 en el Espacio Incaa se proyectar\u00e1 la pel\u00edcula Cerro Quemado.<\/p>\n\n\n\n<p>Los artistas que se presentar\u00e1n en el escenario del festival son los coros de ni\u00f1os mbya guaran\u00ed de Misiones; Coro Qom Chelaalapi + DJ Nicol\u00e1s Saavedra; Coro Wichi Sacham; Orquesta de Instrumentos Aut\u00f3ctonos y de Nuevas Tecnolog\u00edas OIANT de la Universidad Tres de Febrero; Ha\u2019e Kuera \u00d1ande Kuera; Pacha Runa; Mariana Carrizo; Lorena Carpanchay; Ema Cua\u00f1eri; Romualdo Diarte; Micaela Chauque + Tremor; Lola Bhajan; Carina Carriqueo; Anah\u00ed Marilu\u00e1n; Mariana Carrizo; Takyer; Omta Pachay; Miguel Roque Gil Huarpe y Mar\u00eda Ester Sosa -Ya Chesye; Seuer Montec y Misi\u00f3n Camila.<br><br>Los locales Ha\u2019e Kuera \u00d1ande Kuera, grupo de hip hop liderado por los j\u00f3venes mbya Fabi\u00e1n Vel\u00e1zquez y Luis Chamorro se presentar\u00e1n ma\u00f1ana junto al coro Kaangua Poty de Tekoa Fort\u00edn Mboror\u00e9 de Iguaz\u00fa y explicaron que preparan \u201cun homenaje nuestro abuelo y l\u00edder espiritual Adriano Ben\u00edtez\u201d. El sabio Adriano Ben\u00edtez falleci\u00f3 el pasado 11 de febrero a los 85 a\u00f1os y fue un incansable defensor de la cultura mbya.<br><br>El festival se desarrollar\u00e1 desde hoy al lunes en el Centro de Eventos y Convenciones del Iguaz\u00fa (avenida Tres Fronteras 780) de la ciudad de las Cataratas, todas las actividades son abiertas y gratuitas.<\/p>\n\n\n\n<h4 class=\"wp-block-heading\">Programa<\/h4>\n\n\n\n<p><\/p>\n\n\n\n<p><strong>Hoy<\/strong><br>19.00: Coro de ni\u00f1os guaran\u00edes<br>19.30: Carina Carriqueo<br>20.00: Mariana Carrizo<br>20.30: OIANT\/Orquesta de Instrumentos Aut\u00f3ctonos y Nuevas Tecnolog\u00edas (UNTREF)<br><br><strong>Ma\u00f1ana<\/strong><br>19.00: Coro de ni\u00f1os guaran\u00edes<br>20.00: Ema Cua\u00f1eri<br>20.30: Misi\u00f3n Camila y Seuer Montec<br>21.00: Lola Bhajan<br>21.30: Coro Wichi Sacham<br>22.00: Ha\u2019e Kuera \u00d1ande Kuera y Coro Kaangua Poty<br>22.30: Pacha Runa<br><br><strong>Cine<\/strong><br>Entre las actividades del festival est\u00e1 el ciclo de cine ind\u00edgena que tendr\u00e1 lugar en el el Espacio Incaa (Iturem), y que comienza hoy a las 17. El actor Juan Palomino ser\u00e1 el encargado de presentar los cortos y largometrajes que se proyectar\u00e1n cada jornada a las 17, seguidos de conversatorios.<br>Para ver el programa completo del festival ver en Instagram<br>@FestivaldeArteSonoro- Ind\u00edgena.<\/p>\n","protected":false},"excerpt":{"rendered":"<p>En la tarde de ayer se realiz\u00f3 la presentaci\u00f3n de la primera edici\u00f3n del Festival<\/p>\n","protected":false},"author":1,"featured_media":32170,"comment_status":"open","ping_status":"open","sticky":false,"template":"","format":"standard","meta":{"footnotes":""},"categories":[1,222,226],"tags":[],"class_list":["post-32169","post","type-post","status-publish","format-standard","has-post-thumbnail","hentry","category-actualidad","category-cultura","category-locales"],"_links":{"self":[{"href":"https:\/\/actualizateiguazu.com\/v3\/wp-json\/wp\/v2\/posts\/32169","targetHints":{"allow":["GET"]}}],"collection":[{"href":"https:\/\/actualizateiguazu.com\/v3\/wp-json\/wp\/v2\/posts"}],"about":[{"href":"https:\/\/actualizateiguazu.com\/v3\/wp-json\/wp\/v2\/types\/post"}],"author":[{"embeddable":true,"href":"https:\/\/actualizateiguazu.com\/v3\/wp-json\/wp\/v2\/users\/1"}],"replies":[{"embeddable":true,"href":"https:\/\/actualizateiguazu.com\/v3\/wp-json\/wp\/v2\/comments?post=32169"}],"version-history":[{"count":1,"href":"https:\/\/actualizateiguazu.com\/v3\/wp-json\/wp\/v2\/posts\/32169\/revisions"}],"predecessor-version":[{"id":32171,"href":"https:\/\/actualizateiguazu.com\/v3\/wp-json\/wp\/v2\/posts\/32169\/revisions\/32171"}],"wp:featuredmedia":[{"embeddable":true,"href":"https:\/\/actualizateiguazu.com\/v3\/wp-json\/wp\/v2\/media\/32170"}],"wp:attachment":[{"href":"https:\/\/actualizateiguazu.com\/v3\/wp-json\/wp\/v2\/media?parent=32169"}],"wp:term":[{"taxonomy":"category","embeddable":true,"href":"https:\/\/actualizateiguazu.com\/v3\/wp-json\/wp\/v2\/categories?post=32169"},{"taxonomy":"post_tag","embeddable":true,"href":"https:\/\/actualizateiguazu.com\/v3\/wp-json\/wp\/v2\/tags?post=32169"}],"curies":[{"name":"wp","href":"https:\/\/api.w.org\/{rel}","templated":true}]}}