{"id":32172,"date":"2022-10-08T06:39:13","date_gmt":"2022-10-08T09:39:13","guid":{"rendered":"https:\/\/actualizateiguazu.com\/v3\/?p=32172"},"modified":"2022-10-08T06:39:15","modified_gmt":"2022-10-08T09:39:15","slug":"la-fam-es-sinonimo-de-la-economia-social-y-solidaria","status":"publish","type":"post","link":"https:\/\/actualizateiguazu.com\/v3\/2022\/10\/08\/la-fam-es-sinonimo-de-la-economia-social-y-solidaria\/","title":{"rendered":"La FAM es sin\u00f3nimo de la econom\u00eda social y solidaria"},"content":{"rendered":"\n<p>Abri\u00f3 sus puertas con 200 expositores la Feria de Artesan\u00edas del Mercosur, tras dos a\u00f1os de pandemia. Nuevamente la vidriera m\u00e1s importante creada a partir del programa de puesta en valor de las artesan\u00edas Misioneras hace mas de 10 a\u00f1os cuando el ingeniero Carlos Rovira fue gobernador. Tras este mandato naci\u00f3 la Fundaci\u00f3n de Artesan\u00edas Misioneras que luego promovi\u00f3 esta feria con el constante apoyo del Concejo Federal de Inversiones. Para Silvana Gimenez presidente de la Fundacion, La FAM es sin\u00f3nimo de la econom\u00eda Social Solidaria.<\/p>\n\n\n\n<p>Cerca de las 17hs y tras un emotivo acto donde se record\u00f3 a los artesanos que acompa\u00f1aron la feria desde el inicio que no lograron sobrevivir a la pandemia y se agradecio a los artesanos que pese a la corta convocatoria dijeron si a la feria que en esta edici\u00f3n cuenta con 200 expositores, en su mayor\u00eda Misioneros y de los Pueblos Originarios de diferentes puntos del pa\u00eds.<\/p>\n\n\n\n<figure class=\"wp-block-image size-large\"><img loading=\"lazy\" decoding=\"async\" width=\"1024\" height=\"576\" src=\"https:\/\/actualizateiguazu.com\/v3\/wp-content\/uploads\/2022\/10\/IMG_20221007_172117793-1024x576.jpg\" alt=\"\" class=\"wp-image-32173\" srcset=\"https:\/\/actualizateiguazu.com\/v3\/wp-content\/uploads\/2022\/10\/IMG_20221007_172117793-1024x576.jpg 1024w, https:\/\/actualizateiguazu.com\/v3\/wp-content\/uploads\/2022\/10\/IMG_20221007_172117793-300x169.jpg 300w, https:\/\/actualizateiguazu.com\/v3\/wp-content\/uploads\/2022\/10\/IMG_20221007_172117793-768x432.jpg 768w, https:\/\/actualizateiguazu.com\/v3\/wp-content\/uploads\/2022\/10\/IMG_20221007_172117793-1536x864.jpg 1536w, https:\/\/actualizateiguazu.com\/v3\/wp-content\/uploads\/2022\/10\/IMG_20221007_172117793-2048x1152.jpg 2048w, https:\/\/actualizateiguazu.com\/v3\/wp-content\/uploads\/2022\/10\/IMG_20221007_172117793-800x450.jpg 800w\" sizes=\"auto, (max-width: 1024px) 100vw, 1024px\" \/><\/figure>\n\n\n\n<p>\u201cEste a\u00f1o volvemos a las ra\u00edces, la primera edici\u00f3n buscaba promover las artesan\u00edas de los Misioneros y relacionarlas con el turismo, por lo que siempre se realiz\u00f3 durante el fin de semana largo de octubre. En esta oportunidad ser\u00e1n 200 expositores que pondr\u00e1n en valor sus productos en una de las ferias m\u00e1s importantes de la zona\u201d coment\u00f3 Silvana Gim\u00e9nez presidente de la Fundaci\u00f3n de Artesan\u00edas del Mercosur.<\/p>\n\n\n\n<p>Respecto a los productos que se podr\u00e1n contemplar en la feria, Gim\u00e9nez expreso que es amplia la variedad, y resalto que los pueblos originarios tienen un sector especial como los a\u00f1os anteriores. \u201ctenemos artesan\u00edas de las mas variadas, cester\u00eda, productos \u00fanicos hechos con barro, todo artesanal, todo hecho a mano tal como se caracteriza la FAM\u201d<\/p>\n\n\n\n<p>Los artesanos se mostraron contentos por la vuelta de la feria que en las ediciones anteriores los ha impulsado de gran manera, con las ruedas de negocios con la exposici\u00f3n de sus productos en uno de los destinos m\u00e1s importantes del pa\u00eds. \u201cesta Feria nos promueve, porque la visitan turistas de muchos lugares y nuestro trabajo viaja cientos de kil\u00f3metros y muchas veces a otros pa\u00edses que quiz\u00e1s nunca llegar\u00edan si no tuvi\u00e9ramos la oportunidad de estar\u201d indico Maricela artesana de Buenos Aires<\/p>\n\n\n\n<figure class=\"wp-block-image size-large\"><img loading=\"lazy\" decoding=\"async\" width=\"1024\" height=\"576\" src=\"https:\/\/actualizateiguazu.com\/v3\/wp-content\/uploads\/2022\/10\/IMG_20221007_173127998-1024x576.jpg\" alt=\"\" class=\"wp-image-32175\" srcset=\"https:\/\/actualizateiguazu.com\/v3\/wp-content\/uploads\/2022\/10\/IMG_20221007_173127998-1024x576.jpg 1024w, https:\/\/actualizateiguazu.com\/v3\/wp-content\/uploads\/2022\/10\/IMG_20221007_173127998-300x169.jpg 300w, https:\/\/actualizateiguazu.com\/v3\/wp-content\/uploads\/2022\/10\/IMG_20221007_173127998-768x432.jpg 768w, https:\/\/actualizateiguazu.com\/v3\/wp-content\/uploads\/2022\/10\/IMG_20221007_173127998-1536x864.jpg 1536w, https:\/\/actualizateiguazu.com\/v3\/wp-content\/uploads\/2022\/10\/IMG_20221007_173127998-2048x1152.jpg 2048w, https:\/\/actualizateiguazu.com\/v3\/wp-content\/uploads\/2022\/10\/IMG_20221007_173127998-800x450.jpg 800w\" sizes=\"auto, (max-width: 1024px) 100vw, 1024px\" \/><\/figure>\n\n\n\n<p>Esta 10\u00ba edici\u00f3n cuenta con un plus, se trata del 1\u00ba Festival de Arte Sonoro Ind\u00edgena que pone foco en la m\u00fasica de los originarios del territorio argentino, propiciando el encuentro entre sus hacedores a lo largo y ancho de nuestro pa\u00eds, aportando a la salvaguarda de uno de nuestros m\u00e1s preciados Patrimonios Culturales Inmateriales de nuestro pa\u00eds. Cabe destacar que los artesanos y m\u00fasicos de las comunidades Mbya Guaran\u00ed de Puerto Iguaz\u00fa estar\u00e1n presentes en el Festival Sonoro como en la Feria de artesan\u00edas.<\/p>\n","protected":false},"excerpt":{"rendered":"<p>Abri\u00f3 sus puertas con 200 expositores la Feria de Artesan\u00edas del Mercosur, tras dos a\u00f1os<\/p>\n","protected":false},"author":1,"featured_media":32174,"comment_status":"open","ping_status":"open","sticky":false,"template":"","format":"standard","meta":{"footnotes":""},"categories":[1,222,226],"tags":[],"class_list":["post-32172","post","type-post","status-publish","format-standard","has-post-thumbnail","hentry","category-actualidad","category-cultura","category-locales"],"_links":{"self":[{"href":"https:\/\/actualizateiguazu.com\/v3\/wp-json\/wp\/v2\/posts\/32172","targetHints":{"allow":["GET"]}}],"collection":[{"href":"https:\/\/actualizateiguazu.com\/v3\/wp-json\/wp\/v2\/posts"}],"about":[{"href":"https:\/\/actualizateiguazu.com\/v3\/wp-json\/wp\/v2\/types\/post"}],"author":[{"embeddable":true,"href":"https:\/\/actualizateiguazu.com\/v3\/wp-json\/wp\/v2\/users\/1"}],"replies":[{"embeddable":true,"href":"https:\/\/actualizateiguazu.com\/v3\/wp-json\/wp\/v2\/comments?post=32172"}],"version-history":[{"count":1,"href":"https:\/\/actualizateiguazu.com\/v3\/wp-json\/wp\/v2\/posts\/32172\/revisions"}],"predecessor-version":[{"id":32176,"href":"https:\/\/actualizateiguazu.com\/v3\/wp-json\/wp\/v2\/posts\/32172\/revisions\/32176"}],"wp:featuredmedia":[{"embeddable":true,"href":"https:\/\/actualizateiguazu.com\/v3\/wp-json\/wp\/v2\/media\/32174"}],"wp:attachment":[{"href":"https:\/\/actualizateiguazu.com\/v3\/wp-json\/wp\/v2\/media?parent=32172"}],"wp:term":[{"taxonomy":"category","embeddable":true,"href":"https:\/\/actualizateiguazu.com\/v3\/wp-json\/wp\/v2\/categories?post=32172"},{"taxonomy":"post_tag","embeddable":true,"href":"https:\/\/actualizateiguazu.com\/v3\/wp-json\/wp\/v2\/tags?post=32172"}],"curies":[{"name":"wp","href":"https:\/\/api.w.org\/{rel}","templated":true}]}}