{"id":32177,"date":"2022-10-08T06:47:47","date_gmt":"2022-10-08T09:47:47","guid":{"rendered":"https:\/\/actualizateiguazu.com\/v3\/?p=32177"},"modified":"2022-10-08T06:47:49","modified_gmt":"2022-10-08T09:47:49","slug":"mi-hermano-no-murio-a-mi-hermano-lo-mataron","status":"publish","type":"post","link":"https:\/\/actualizateiguazu.com\/v3\/2022\/10\/08\/mi-hermano-no-murio-a-mi-hermano-lo-mataron\/","title":{"rendered":"\u201cMi hermano no muri\u00f3, a mi hermano lo mataron\u201d"},"content":{"rendered":"\n<p>Familiares y amigos de Ignacio Alberto Balmaceda de 26 a\u00f1os que fue encontrado muerto a la vera de la ruta Nacional N\u00ba 12 a la altura del kil\u00f3metro 1.590 reclaman respuestas por parte de la polic\u00eda y la justicia. El joven fue encontrado por una mujer que pasaba por el lugar y dio aviso a la polic\u00eda, el pasado 26 de septiembre pasadas las 5.45hs en el puesto de control de la ruta ubicado a tan solo 100 metros de donde estaba el cuerpo entre la Localidad de Wanda y Puerto Esperanza. Los Familiares realizaron una minuciosa investigaci\u00f3n y sostienen que el joven fue atropellado por un cami\u00f3n de peque\u00f1o porte e insisten que ser\u00eda de la zona.<\/p>\n\n\n\n<p>Ignacio Alberto Balmaceda, era un joven trabajador, se desempe\u00f1aba como ayudante de alba\u00f1il junto a su t\u00edo y colaboraba en un merendero del movimiento Evita. Esa noche volv\u00eda de visitar a su novia que reside en la localidad de Wanda, el joven iba regularmente a la vecina ciudad en colectivo interurbano, pero esa noche lluviosa de domingo no llego a abordar ultimo recorrido y debi\u00f3 volver caminando a su casa ubicado en el barrio Los Arroyitos en la localidad de Puerto Esperanza. Seg\u00fan los datos que recabaron los familiares el siniestro habr\u00eda ocurrido minutos despu\u00e9s de las 23horas.<\/p>\n\n\n\n<figure class=\"wp-block-image size-large\"><img loading=\"lazy\" decoding=\"async\" width=\"1024\" height=\"576\" src=\"https:\/\/actualizateiguazu.com\/v3\/wp-content\/uploads\/2022\/10\/IMG_20221007_105651797-1024x576.jpg\" alt=\"\" class=\"wp-image-32179\" srcset=\"https:\/\/actualizateiguazu.com\/v3\/wp-content\/uploads\/2022\/10\/IMG_20221007_105651797-1024x576.jpg 1024w, https:\/\/actualizateiguazu.com\/v3\/wp-content\/uploads\/2022\/10\/IMG_20221007_105651797-300x169.jpg 300w, https:\/\/actualizateiguazu.com\/v3\/wp-content\/uploads\/2022\/10\/IMG_20221007_105651797-768x432.jpg 768w, https:\/\/actualizateiguazu.com\/v3\/wp-content\/uploads\/2022\/10\/IMG_20221007_105651797-1536x864.jpg 1536w, https:\/\/actualizateiguazu.com\/v3\/wp-content\/uploads\/2022\/10\/IMG_20221007_105651797-2048x1152.jpg 2048w, https:\/\/actualizateiguazu.com\/v3\/wp-content\/uploads\/2022\/10\/IMG_20221007_105651797-800x450.jpg 800w\" sizes=\"auto, (max-width: 1024px) 100vw, 1024px\" \/><\/figure>\n\n\n\n<p>\u201cEstamos dolidos e indignados con las autoridades, creemos que ellos no hicieron su trabajo para dar con el asesino de mi hermano, porque el no muri\u00f3, a mi hermano lo mataron\u201d manifest\u00f3 Carolina Borja hermana de la victima quien junto a su t\u00edo Javier Mercado movieron cielo y tierra para conocer como fueron las ultimas horas de la v\u00edctima.<\/p>\n\n\n\n<p>\u201cA nosotros nos avisaron a las 7.30 de la ma\u00f1ana que lo hab\u00edan encontrado, pero la polic\u00eda no hizo bien el rastrillaje porque en ese momento se registro un accidente a pocos metros. El cuerpo de mi hermano fue a autopsia y cuando volvi\u00f3 nos manifestamos frente a la comisaria y al otro d\u00eda volvieron a hacer el rastrillaje y ah\u00ed encontraron el tel\u00e9fono de mi hermano en las malezas\u201d cont\u00f3 Borja.<\/p>\n\n\n\n<figure class=\"wp-block-image size-large\"><img loading=\"lazy\" decoding=\"async\" width=\"1024\" height=\"576\" src=\"https:\/\/actualizateiguazu.com\/v3\/wp-content\/uploads\/2022\/10\/IMG_20221007_110340984-1024x576.jpg\" alt=\"\" class=\"wp-image-32181\" srcset=\"https:\/\/actualizateiguazu.com\/v3\/wp-content\/uploads\/2022\/10\/IMG_20221007_110340984-1024x576.jpg 1024w, https:\/\/actualizateiguazu.com\/v3\/wp-content\/uploads\/2022\/10\/IMG_20221007_110340984-300x169.jpg 300w, https:\/\/actualizateiguazu.com\/v3\/wp-content\/uploads\/2022\/10\/IMG_20221007_110340984-768x432.jpg 768w, https:\/\/actualizateiguazu.com\/v3\/wp-content\/uploads\/2022\/10\/IMG_20221007_110340984-1536x864.jpg 1536w, https:\/\/actualizateiguazu.com\/v3\/wp-content\/uploads\/2022\/10\/IMG_20221007_110340984-2048x1152.jpg 2048w, https:\/\/actualizateiguazu.com\/v3\/wp-content\/uploads\/2022\/10\/IMG_20221007_110340984-800x450.jpg 800w\" sizes=\"auto, (max-width: 1024px) 100vw, 1024px\" \/><\/figure>\n\n\n\n<p>La familia al ver que no lograban respuestas de la polic\u00eda, luego del entierro del joven se propusieron investigar como fueron las ultimas horas del joven, la madrina fue la ultima en verlo con vida, la mujer explico que Balmaceda hab\u00eda salido rumbo a la casa de su novia en Wanda. \u201cFuimos hasta all\u00e1, hablamos con le suegro de mi sobrino, que nos dijo que tenia permiso para visitar a la novia hasta las 22, entonces fuimos hasta un negocio. Ah\u00ed el due\u00f1o nos dijo que hablo con el que compro dos latas de cerveza y una papa frita, le pregunto por el horario del colectivo y el almacenero le dijo que ya hab\u00eda pasado y no hab\u00eda otro. Que fuera hasta la terminal y se tomara un remise\u201d<\/p>\n\n\n\n<p>Empezamos a ir local comercial por local, buscando c\u00e1maras de seguridad para conocer de forma fehaciente todo el recorrido. \u201cestamos agradecidos con todos los comerciantes y los vecinos que dejaron de trabajar para mostrarme las c\u00e1maras, grabamos todo con el celular y supimos el recorrido correcto, cosa que no hizo la polic\u00eda y ahora los videos de esas c\u00e1maras ya no est\u00e1n\u201d, lamento Javier Mercado.<\/p>\n\n\n\n<p>\u201cen la \u00faltima de las c\u00e1maras se ve como mi hermano que venia por la colectora vuelve a ir por la ruta, porque en el camino terrado hab\u00eda mucho barro. Despu\u00e9s de eso no se lo ve m\u00e1s. Controlamos los autos que pasaron por el lugar despu\u00e9s y visualizamos un cami\u00f3n de medio porte y creemos que ese atropello a Ignacio y lo dejo tirado en el lugar\u201d relat\u00f3 Mercado y Agreg\u00f3 \u201ccreemos que lo atropellaron 10 minutos despu\u00e9s de las ultimas im\u00e1genes, yo mismo hice ese recorrido 2 veces y control\u00e9 el tiempo para saber si pod\u00eda ser ese cami\u00f3n\u201d<\/p>\n\n\n\n<figure class=\"wp-block-image size-large\"><img loading=\"lazy\" decoding=\"async\" width=\"1024\" height=\"576\" src=\"https:\/\/actualizateiguazu.com\/v3\/wp-content\/uploads\/2022\/10\/IMG_20221007_110127967-1024x576.jpg\" alt=\"\" class=\"wp-image-32180\" srcset=\"https:\/\/actualizateiguazu.com\/v3\/wp-content\/uploads\/2022\/10\/IMG_20221007_110127967-1024x576.jpg 1024w, https:\/\/actualizateiguazu.com\/v3\/wp-content\/uploads\/2022\/10\/IMG_20221007_110127967-300x169.jpg 300w, https:\/\/actualizateiguazu.com\/v3\/wp-content\/uploads\/2022\/10\/IMG_20221007_110127967-768x432.jpg 768w, https:\/\/actualizateiguazu.com\/v3\/wp-content\/uploads\/2022\/10\/IMG_20221007_110127967-1536x864.jpg 1536w, https:\/\/actualizateiguazu.com\/v3\/wp-content\/uploads\/2022\/10\/IMG_20221007_110127967-2048x1152.jpg 2048w, https:\/\/actualizateiguazu.com\/v3\/wp-content\/uploads\/2022\/10\/IMG_20221007_110127967-800x450.jpg 800w\" sizes=\"auto, (max-width: 1024px) 100vw, 1024px\" \/><\/figure>\n\n\n\n<p>Respecto al as sospechas de que el cami\u00f3n seria de la zona Carolina Borja relato que el comisario Elio Da Luz Jefe de la Unidad Regional V, se reuni\u00f3 con nosotros y nos explico que la pericia dice que es un veh\u00edculo mayor desde una camioneta a un cami\u00f3n y que el veh\u00edculo sali\u00f3 de la banquina hacia la parte terrada lo atropella y volvi\u00f3 a subir a la cinta asf\u00e1ltica \u201cCreemos que seria un cami\u00f3n de la zona y que hab\u00eda salido de la ruta para ingresar a la colectora que esta unos metros m\u00e1s adelante, se nota que ven\u00eda m\u00e1s despacio porque mi hermano ten\u00eda algunas fracturas y no hab\u00eda mucha sangre en el lugar, no sabemos el detalle de la autopsia pero creemos que agonizo mucho y quiz\u00e1s si el conductor hubieses parado y auxiliado el tendr\u00eda la oportunidad por luchas por su vida\u201d lament\u00f3<\/p>\n\n\n\n<p>La familia elabor\u00f3 un informe detallado con el recorrido del joven y aporto im\u00e1genes de las c\u00e1maras de seguridad donde se puede seguir el recorrido del joven, pero la polic\u00eda no cuenta con las pruebas porque las im\u00e1genes de las c\u00e1maras ya no est\u00e1n solo existen las que fueron captadas con el celular de los familiares.<\/p>\n\n\n\n<p>\u201cEstamos indignados, la polic\u00eda no hizo su trabajo. Nosotros en medio de nuestro dolor hicimos una investigaci\u00f3n y yo soy un simple alba\u00f1il. Solo me quedan ver las im\u00e1genes de las c\u00e1maras del club Alto Paran\u00e1 que esta frente donde lo encontraron a Ignacio. Pero esas im\u00e1genes las tiene la polic\u00eda adem\u00e1s ese d\u00eda las farolas no funcionaban, es decir estaba a oscuras. Hablamos con la secretaria del juez que nos dio la raz\u00f3n cuando reclamamos por la investigaci\u00f3n\u201d remato Mercado<\/p>\n\n\n\n<p>El viernes familiares y amigos se reunieron en el lugar del hecho y se manifestaron pac\u00edficamente con una caminata hasta el control policial.<\/p>\n","protected":false},"excerpt":{"rendered":"<p>Familiares y amigos de Ignacio Alberto Balmaceda de 26 a\u00f1os que fue encontrado muerto a<\/p>\n","protected":false},"author":1,"featured_media":32178,"comment_status":"open","ping_status":"open","sticky":false,"template":"","format":"standard","meta":{"footnotes":""},"categories":[1,226,228],"tags":[],"class_list":["post-32177","post","type-post","status-publish","format-standard","has-post-thumbnail","hentry","category-actualidad","category-locales","category-policiales"],"_links":{"self":[{"href":"https:\/\/actualizateiguazu.com\/v3\/wp-json\/wp\/v2\/posts\/32177","targetHints":{"allow":["GET"]}}],"collection":[{"href":"https:\/\/actualizateiguazu.com\/v3\/wp-json\/wp\/v2\/posts"}],"about":[{"href":"https:\/\/actualizateiguazu.com\/v3\/wp-json\/wp\/v2\/types\/post"}],"author":[{"embeddable":true,"href":"https:\/\/actualizateiguazu.com\/v3\/wp-json\/wp\/v2\/users\/1"}],"replies":[{"embeddable":true,"href":"https:\/\/actualizateiguazu.com\/v3\/wp-json\/wp\/v2\/comments?post=32177"}],"version-history":[{"count":1,"href":"https:\/\/actualizateiguazu.com\/v3\/wp-json\/wp\/v2\/posts\/32177\/revisions"}],"predecessor-version":[{"id":32182,"href":"https:\/\/actualizateiguazu.com\/v3\/wp-json\/wp\/v2\/posts\/32177\/revisions\/32182"}],"wp:featuredmedia":[{"embeddable":true,"href":"https:\/\/actualizateiguazu.com\/v3\/wp-json\/wp\/v2\/media\/32178"}],"wp:attachment":[{"href":"https:\/\/actualizateiguazu.com\/v3\/wp-json\/wp\/v2\/media?parent=32177"}],"wp:term":[{"taxonomy":"category","embeddable":true,"href":"https:\/\/actualizateiguazu.com\/v3\/wp-json\/wp\/v2\/categories?post=32177"},{"taxonomy":"post_tag","embeddable":true,"href":"https:\/\/actualizateiguazu.com\/v3\/wp-json\/wp\/v2\/tags?post=32177"}],"curies":[{"name":"wp","href":"https:\/\/api.w.org\/{rel}","templated":true}]}}