{"id":32186,"date":"2022-10-08T14:56:55","date_gmt":"2022-10-08T17:56:55","guid":{"rendered":"https:\/\/actualizateiguazu.com\/v3\/?p=32186"},"modified":"2022-10-08T14:56:57","modified_gmt":"2022-10-08T17:56:57","slug":"detuvieron-a-dos-hombres-por-el-robo-a-una-vivienda","status":"publish","type":"post","link":"https:\/\/actualizateiguazu.com\/v3\/2022\/10\/08\/detuvieron-a-dos-hombres-por-el-robo-a-una-vivienda\/","title":{"rendered":"Detuvieron a dos hombres por el robo a una vivienda"},"content":{"rendered":"\n<p>El arresto de los dos hombres se produjo en el marco de un allanamiento lleva a cabo ayer por los efectivos de la Comisar\u00eda 2.\u00aa UR-V, quienes interceptaron en el inmueble ubicado sobre la Calle Ricardo Balb\u00edn de esta ciudad a dos hombres de 29 y 27 a\u00f1os que fueron individualizados por los investigadores como sospechosos del robo.<\/p>\n\n\n\n<p>La investigaci\u00f3n se inici\u00f3 con base en la denuncia del damnificado, un hombre de 47 a\u00f1os, quien manifest\u00f3 haber tomado conocimiento que dos j\u00f3venes fueron individualizados por testigos circunstanciales como autores del robo de varios elementos de su vivienda.<\/p>\n\n\n\n<p>En simult\u00e1neo, la Divisi\u00f3n Investigaciones URV lleg\u00f3 hasta el barrio San Libertad y Santa Rosa de Iguaz\u00fa, d\u00f3nde vecinos hicieron entrega de manera voluntaria de un equipo de sonido, secarropas, una motosierra, un equipo de sonido port\u00e1til y un televisor smart tv, los cuales habr\u00edan <strong>adquirido de buena f\u00e9<\/strong> de manos de estos sindicados.<\/p>\n\n\n\n<p>Fue as\u00ed, que procedieron a secuestrar y depositar en sede policial d\u00f3nde fue restituido al damnificado. Ambos detenidos fueron alojados en la secci\u00f3n a disposici\u00f3n de la Justicia.<\/p>\n","protected":false},"excerpt":{"rendered":"<p>El arresto de los dos hombres se produjo en el marco de un allanamiento lleva<\/p>\n","protected":false},"author":1,"featured_media":32187,"comment_status":"open","ping_status":"open","sticky":false,"template":"","format":"standard","meta":{"footnotes":""},"categories":[1,226,228],"tags":[],"class_list":["post-32186","post","type-post","status-publish","format-standard","has-post-thumbnail","hentry","category-actualidad","category-locales","category-policiales"],"_links":{"self":[{"href":"https:\/\/actualizateiguazu.com\/v3\/wp-json\/wp\/v2\/posts\/32186","targetHints":{"allow":["GET"]}}],"collection":[{"href":"https:\/\/actualizateiguazu.com\/v3\/wp-json\/wp\/v2\/posts"}],"about":[{"href":"https:\/\/actualizateiguazu.com\/v3\/wp-json\/wp\/v2\/types\/post"}],"author":[{"embeddable":true,"href":"https:\/\/actualizateiguazu.com\/v3\/wp-json\/wp\/v2\/users\/1"}],"replies":[{"embeddable":true,"href":"https:\/\/actualizateiguazu.com\/v3\/wp-json\/wp\/v2\/comments?post=32186"}],"version-history":[{"count":1,"href":"https:\/\/actualizateiguazu.com\/v3\/wp-json\/wp\/v2\/posts\/32186\/revisions"}],"predecessor-version":[{"id":32188,"href":"https:\/\/actualizateiguazu.com\/v3\/wp-json\/wp\/v2\/posts\/32186\/revisions\/32188"}],"wp:featuredmedia":[{"embeddable":true,"href":"https:\/\/actualizateiguazu.com\/v3\/wp-json\/wp\/v2\/media\/32187"}],"wp:attachment":[{"href":"https:\/\/actualizateiguazu.com\/v3\/wp-json\/wp\/v2\/media?parent=32186"}],"wp:term":[{"taxonomy":"category","embeddable":true,"href":"https:\/\/actualizateiguazu.com\/v3\/wp-json\/wp\/v2\/categories?post=32186"},{"taxonomy":"post_tag","embeddable":true,"href":"https:\/\/actualizateiguazu.com\/v3\/wp-json\/wp\/v2\/tags?post=32186"}],"curies":[{"name":"wp","href":"https:\/\/api.w.org\/{rel}","templated":true}]}}