{"id":32407,"date":"2022-10-15T18:35:16","date_gmt":"2022-10-15T21:35:16","guid":{"rendered":"https:\/\/actualizateiguazu.com\/v3\/?p=32407"},"modified":"2022-10-15T18:40:31","modified_gmt":"2022-10-15T21:40:31","slug":"fue-golpeado-con-madera-en-la-cabeza-y-esta-en-terapia-intensiva","status":"publish","type":"post","link":"https:\/\/actualizateiguazu.com\/v3\/2022\/10\/15\/fue-golpeado-con-madera-en-la-cabeza-y-esta-en-terapia-intensiva\/","title":{"rendered":"Lo golpearon con una madera en la cabeza y est\u00e1 en terapia intensiva"},"content":{"rendered":"\n<p class=\"wp-block-paragraph\">Un hombre de 40 a\u00f1os fue detenido ayer en la noche en un camino terrado de las 2000 hect\u00e1reas de esta ciudad, al ser se\u00f1alado por agredir a una pareja y ocasionarle lesiones graves a uno de ellos. Las v\u00edctimas fueron trasladados al nosocomio local quienes solicitaron la presencia policial, cuando constataron lo sucedido.<\/p>\n\n\n\n<p class=\"wp-block-paragraph\">El hecho sucedi\u00f3 ayer cerca de las 18.40 horas, en la comunidad Fort\u00edn Mborore de Puerto Iguaz\u00fa, seg\u00fan testimonios de vecinos, la v\u00edctima un hombre mayor de edad estaba compartiendo junto al se\u00f1alado y otro vecino m\u00e1s, cuando comenzaron a discutir y tras tomar una madera este comenz\u00f3 a agredirlo, ocasion\u00e1ndole lesiones de consideraci\u00f3n en la cabeza. En ese momento, la pareja de la v\u00edctima sali\u00f3 a auxiliarlo y fue as\u00ed que tambi\u00e9n fue agredida por el se\u00f1alado quien luego se dio a la fuga del lugar.<\/p>\n\n\n\n<p class=\"wp-block-paragraph\">En ese contexto, los efectivos de la comisar\u00eda jurisdiccional comenzaron con las tareas para dar con el implicado y fue as\u00ed que obtuvieron datos que se\u00f1alaban que estar\u00eda merodeando la zona procediendo a su detenci\u00f3n cuando caminaba por una calle terrada. El detenido qued\u00f3 alojado en la dependencia policial a disposici\u00f3n de la Justicia.<\/p>\n\n\n\n<p class=\"wp-block-paragraph\">Cabe mencionar que la v\u00edctima fue examinado por el m\u00e9dico policial, quien diagnostic\u00f3 que presenta \u00abFractura de cr\u00e1neo, y su pron\u00f3stico es reservado, encontr\u00e1ndose internado en terapia intensiva\u00bb en tanto la pareja de este result\u00f3 con lesiones de car\u00e1cter leves. Ver menos<\/p>\n","protected":false},"excerpt":{"rendered":"<p>Un hombre de 40 a\u00f1os fue detenido ayer en la noche en un camino terrado<\/p>\n","protected":false},"author":1,"featured_media":32408,"comment_status":"open","ping_status":"open","sticky":false,"template":"","format":"standard","meta":{"footnotes":""},"categories":[1,226,228],"tags":[],"class_list":["post-32407","post","type-post","status-publish","format-standard","has-post-thumbnail","hentry","category-actualidad","category-locales","category-policiales"],"_links":{"self":[{"href":"https:\/\/actualizateiguazu.com\/v3\/wp-json\/wp\/v2\/posts\/32407","targetHints":{"allow":["GET"]}}],"collection":[{"href":"https:\/\/actualizateiguazu.com\/v3\/wp-json\/wp\/v2\/posts"}],"about":[{"href":"https:\/\/actualizateiguazu.com\/v3\/wp-json\/wp\/v2\/types\/post"}],"author":[{"embeddable":true,"href":"https:\/\/actualizateiguazu.com\/v3\/wp-json\/wp\/v2\/users\/1"}],"replies":[{"embeddable":true,"href":"https:\/\/actualizateiguazu.com\/v3\/wp-json\/wp\/v2\/comments?post=32407"}],"version-history":[{"count":2,"href":"https:\/\/actualizateiguazu.com\/v3\/wp-json\/wp\/v2\/posts\/32407\/revisions"}],"predecessor-version":[{"id":32410,"href":"https:\/\/actualizateiguazu.com\/v3\/wp-json\/wp\/v2\/posts\/32407\/revisions\/32410"}],"wp:featuredmedia":[{"embeddable":true,"href":"https:\/\/actualizateiguazu.com\/v3\/wp-json\/wp\/v2\/media\/32408"}],"wp:attachment":[{"href":"https:\/\/actualizateiguazu.com\/v3\/wp-json\/wp\/v2\/media?parent=32407"}],"wp:term":[{"taxonomy":"category","embeddable":true,"href":"https:\/\/actualizateiguazu.com\/v3\/wp-json\/wp\/v2\/categories?post=32407"},{"taxonomy":"post_tag","embeddable":true,"href":"https:\/\/actualizateiguazu.com\/v3\/wp-json\/wp\/v2\/tags?post=32407"}],"curies":[{"name":"wp","href":"https:\/\/api.w.org\/{rel}","templated":true}]}}