{"id":32545,"date":"2022-10-21T21:12:12","date_gmt":"2022-10-22T00:12:12","guid":{"rendered":"https:\/\/actualizateiguazu.com\/v3\/?p=32545"},"modified":"2022-10-22T06:36:34","modified_gmt":"2022-10-22T09:36:34","slug":"detuvieron-a-un-hombre-y-recuperaron-dos-motocicletas","status":"publish","type":"post","link":"https:\/\/actualizateiguazu.com\/v3\/2022\/10\/21\/detuvieron-a-un-hombre-y-recuperaron-dos-motocicletas\/","title":{"rendered":"Detuvieron a un hombre y recuperaron dos motocicletas"},"content":{"rendered":"\n<p><\/p>\n\n\n\n<p>Efectivos de la comisar\u00eda seccional segunda URV detuvieron en las \u00faltimas horas a un hombre y se recuperaron dos motocicletas robadas.<\/p>\n\n\n\n<p>En primer lugar, los agentes de la Comisar\u00eda de Segunda URV recorr\u00edan preventivamente la avenida Vera Pe\u00f1aloza cuando avistaron a un masculino que empujaba un motociclo de 110 c.c. de color negro al ser identificado este joven de 20 a\u00f1os no logro justificar la propiedad del rodado, ni su permanencia en la zona. Posteriormente tras el entrecruzamiento con la base de datos policial se logr\u00f3 establecer que el rodado ten\u00eda pedido de secuestro por haber sido denunciado como robado en el mes de Agosto en el Barrio 300 Viviendas de esta Ciudad en perjuicio de un joven.<\/p>\n\n\n\n<p>Inmediatamente el joven fue detenido y puesto a disposici\u00f3n de la justicia.<\/p>\n\n\n\n<figure class=\"wp-block-image size-full\"><img loading=\"lazy\" decoding=\"async\" width=\"892\" height=\"960\" src=\"https:\/\/actualizateiguazu.com\/v3\/wp-content\/uploads\/2022\/10\/FB_IMG_1666396964308.jpg\" alt=\"\" class=\"wp-image-32553\" srcset=\"https:\/\/actualizateiguazu.com\/v3\/wp-content\/uploads\/2022\/10\/FB_IMG_1666396964308.jpg 892w, https:\/\/actualizateiguazu.com\/v3\/wp-content\/uploads\/2022\/10\/FB_IMG_1666396964308-279x300.jpg 279w, https:\/\/actualizateiguazu.com\/v3\/wp-content\/uploads\/2022\/10\/FB_IMG_1666396964308-768x827.jpg 768w\" sizes=\"auto, (max-width: 892px) 100vw, 892px\" \/><\/figure>\n\n\n\n<p>Por otro lado, efectivos de la comisar\u00eda seccional Cuarta URV esta tarde recuperaron una motocicleta de 110 c.c color azul, la cual se hall\u00f3 abandonada sobre la Calle Ernesto S\u00e1bato del barrio Primero de Mayo de esta ciudad denunciada como robada el pasado 05 de Mayo del corriente en jurisdicci\u00f3n de esa dependencia en perjuicio de una mujer de 58 a\u00f1os.<\/p>\n\n\n\n<p>Finalmente, los rodados fueron trasladados a las dependencias policiales correspondientes para posteriores tareas legales<\/p>\n","protected":false},"excerpt":{"rendered":"<p>Efectivos de la comisar\u00eda seccional segunda URV detuvieron en las \u00faltimas horas a un hombre<\/p>\n","protected":false},"author":1,"featured_media":32554,"comment_status":"open","ping_status":"open","sticky":false,"template":"","format":"standard","meta":{"footnotes":""},"categories":[228],"tags":[],"class_list":["post-32545","post","type-post","status-publish","format-standard","has-post-thumbnail","hentry","category-policiales"],"_links":{"self":[{"href":"https:\/\/actualizateiguazu.com\/v3\/wp-json\/wp\/v2\/posts\/32545","targetHints":{"allow":["GET"]}}],"collection":[{"href":"https:\/\/actualizateiguazu.com\/v3\/wp-json\/wp\/v2\/posts"}],"about":[{"href":"https:\/\/actualizateiguazu.com\/v3\/wp-json\/wp\/v2\/types\/post"}],"author":[{"embeddable":true,"href":"https:\/\/actualizateiguazu.com\/v3\/wp-json\/wp\/v2\/users\/1"}],"replies":[{"embeddable":true,"href":"https:\/\/actualizateiguazu.com\/v3\/wp-json\/wp\/v2\/comments?post=32545"}],"version-history":[{"count":1,"href":"https:\/\/actualizateiguazu.com\/v3\/wp-json\/wp\/v2\/posts\/32545\/revisions"}],"predecessor-version":[{"id":32555,"href":"https:\/\/actualizateiguazu.com\/v3\/wp-json\/wp\/v2\/posts\/32545\/revisions\/32555"}],"wp:featuredmedia":[{"embeddable":true,"href":"https:\/\/actualizateiguazu.com\/v3\/wp-json\/wp\/v2\/media\/32554"}],"wp:attachment":[{"href":"https:\/\/actualizateiguazu.com\/v3\/wp-json\/wp\/v2\/media?parent=32545"}],"wp:term":[{"taxonomy":"category","embeddable":true,"href":"https:\/\/actualizateiguazu.com\/v3\/wp-json\/wp\/v2\/categories?post=32545"},{"taxonomy":"post_tag","embeddable":true,"href":"https:\/\/actualizateiguazu.com\/v3\/wp-json\/wp\/v2\/tags?post=32545"}],"curies":[{"name":"wp","href":"https:\/\/api.w.org\/{rel}","templated":true}]}}