{"id":32583,"date":"2022-10-23T07:45:55","date_gmt":"2022-10-23T10:45:55","guid":{"rendered":"https:\/\/actualizateiguazu.com\/v3\/?p=32583"},"modified":"2022-10-23T07:45:58","modified_gmt":"2022-10-23T10:45:58","slug":"quien-era-el-canadiense-que-murio-al-caer-de-una-pasarela-en-las-cataratas-del-iguazu","status":"publish","type":"post","link":"https:\/\/actualizateiguazu.com\/v3\/2022\/10\/23\/quien-era-el-canadiense-que-murio-al-caer-de-una-pasarela-en-las-cataratas-del-iguazu\/","title":{"rendered":"\u00bfQui\u00e9n era el canadiense que muri\u00f3 al caer de una pasarela en las Cataratas del Iguaz\u00fa?"},"content":{"rendered":"\n<p>Los resultados del cotejo de las huellas dactilares confirmaron la identidad del hombre que cay\u00f3 al r\u00edo desde el Salto Bosetti. Sean Saraq de 58 a\u00f1os, era un apasionado por el mate y por Buenos Aires: \u201cLa Par\u00eds de Am\u00e9rica del Sur\u201d<\/p>\n\n\n\n<p>Este martes apareci\u00f3 un cuerpo a la vera del R\u00edo Iguaz\u00fa, en la zona del puente internacional Tancredo Neves, que une la ciudad brasile\u00f1a de Foz de Iguaz\u00fa con la localidad misionera de Puerto Iguaz\u00fa. El hallazgo se produjo cerca de las 19, cuando los empleados de una empresa que realiza paseos n\u00e1uticos del lado brasile\u00f1o avistaron el cad\u00e1ver de un hombre flotando. R\u00e1pidamente, Bomberos Voluntarios de Brasil extrajeron los restos y los trasladaron al Instituto M\u00e9dico Policial de ese pa\u00eds.<\/p>\n\n\n\n<p>Este s\u00e1bado, tras un cotejo de huellas dactilares, se confirm\u00f3 lo que se sospech\u00f3 desde el comienzo: que se trataba del turista que hab\u00eda ca\u00eddo el lunes pasado desde el Salto Bosetti mientras intentaba sacarse una foto en las Cataratas del Iguaz\u00fa y que, un d\u00eda m\u00e1s tarde, hab\u00eda sido denunciado como desaparecido en un hotel donde se alojaba.<\/p>\n\n\n\n<p>Fuentes oficiales informaron a Infobae que la v\u00edctima fue identificada por la Justicia como Sean Saraq, oriundo de Montreal, Canad\u00e1. De 58 a\u00f1os, trabajaba como planificador estrat\u00e9gico independiente. De acuerdo con su perfil de LinkedIn, contaba \u201ccon 20 a\u00f1os de experiencia en una amplia variedad de categor\u00edas de consumo y farmac\u00e9uticas\u201d.<\/p>\n\n\n\n<p>Seg\u00fan supo este medio el turista fallecido hab\u00eda llegado al pa\u00eds a comienzos de octubre. A Puerto Iguaz\u00fa, sin embargo, se traslad\u00f3 el lunes 17 de octubre en un vuelo de Aerol\u00edneas Argentinas. De acuerdo a la investigaci\u00f3n de la Polic\u00eda de Misiones, Saraq se hab\u00eda presentado en el Hotel Mercure, un alojamiento ubicado a 20 minutos en auto del Parque Nacional Iguaz\u00fa, cerca de las 9.<\/p>\n\n\n\n<p>Los empleados del lugar declararon que mientras esperaba para hacer el ingreso, el turista solicit\u00f3 un taxi de manera repentina, dej\u00f3 el equipaje en el lobby y se retir\u00f3 del hotel con destino al Parque Nacional Iguaz\u00fa. Lo que vino despu\u00e9s es sabido: en su recorrida por las Cataratas, Saraq intent\u00f3 tomarse una foto subido a la baranda de la pasarela (lo cual est\u00e1 prohibido) del Salto Bosetti, perdi\u00f3 el equilibrio y cay\u00f3 al r\u00edo desde el circuito superior.<\/p>\n\n\n\n<p>Esta versi\u00f3n, que hab\u00eda sido descartada debido a la falta de testimonios que la corroboraran, volvi\u00f3 a tomar fuerza este viernes, cuando se present\u00f3 a declarar un testigo que dijo haber presenciado el momento exacto en que el turista cay\u00f3 intentando sacarse una selfie.<\/p>\n\n\n\n<p>El mi\u00e9rcoles, con autorizaci\u00f3n de Mart\u00edn Br\u00edtez, el juez de Instrucci\u00f3n N\u00ba 3 de Puerto Iguaz\u00fa que lidera la investigaci\u00f3n, la Polic\u00eda secuestr\u00f3 el equipaje y realiz\u00f3 un relevamiento del contenido. En su interior encontraron, entre otras cosas, un par de zapatillas talle 45. El mismo coincid\u00eda con el calzado de color azul, marca Under Armour, hallado en uno de los rastrillajes r\u00edo abajo, a unos 50 o 100 metros de donde cay\u00f3 el turista.<\/p>\n\n\n\n<p>De sus publicaciones en la red social LinkedIn, donde se mostraba muy activo, se desprende que el canadiense de 58 a\u00f1os era un apasionado por la Argentina y estaba ilusionado con la posibilidad de llegar a nuestro pa\u00eds para reencontrarse con sus conocidos y tomar mate.<\/p>\n\n\n\n<p>\u201cHabiendo vivido en la Buenos Aires de Europa (Par\u00eds) y la Buenos Aires de Am\u00e9rica del Norte (Montreal), \u00a1estoy muy emocionado de visitar LA \u00fanica Buenos Aires en un par de semanas!\u201d, escribi\u00f3.<\/p>\n\n\n\n<p>Despu\u00e9s de pasar por Ottawa, Toronto, Montreal y Par\u00eds, el sue\u00f1o de Saraq era radicarse en Argentina. \u201cEspero alg\u00fan d\u00eda vivir en la \u2018Par\u00eds de Am\u00e9rica del Sur\u2019, Buenos Aires\u201d, expres\u00f3 en la red social, donde comparti\u00f3 una postal en el Obelisco como foto de perfil y una toma a\u00e9rea de las Cataratas. Incluso, el pasado 9 de julio, hizo referencia al \u201cD\u00eda de la Independencia Argentina\u201d.<\/p>\n\n\n\n<p>En su tiempo libre, seg\u00fan \u00e9l mismo describi\u00f3 en su perfil, el canadiense se dedicaba a leer y escribir filosof\u00eda en su sitio web denominado \u201cNomadology\u201d, t\u00e9rmino que toma los franceses Gilles Deleuze y F\u00e9lix Guattari y su Tratado de nomadolog\u00eda.<\/p>\n\n\n\n<p>Uno de los tantos posteos que public\u00f3 remite a la \u201cmet\u00e1fora de la verticalidad\u201d a la que hace referencia el psic\u00f3logo americano Brian Meier. \u201cLos espa\u00f1oles insultan a los latinoamericanos llam\u00e1ndolos \u2018Sudacas\u2019 (&#8230;) El incre\u00edble pa\u00eds de Argentina suele estar fuera del radar de la gente y subestimado solo por su proximidad al Polo Sur. Inconscientemente, se supone que el Norte (superior) controla el Sur (inferior). Si esta met\u00e1fora profunda no existiera, podr\u00edamos estar llamando a Par\u00eds \u2018la Buenos Aires de Europa\u2019\u201d, escribi\u00f3 Saraq.<\/p>\n\n\n\n<p><strong>C\u00f3mo ocurri\u00f3 la muerte<\/strong><\/p>\n\n\n\n<p>El lunes, alrededor de las 11, la gu\u00eda de turismo que lideraba un contingente de 30 turistas que recorr\u00edan las Cataratas del Iguaz\u00fa escuch\u00f3 los gritos desesperados de las personas que vieron caer a un hombre al r\u00edo desde el primer balc\u00f3n del Salto Bosetti.<\/p>\n\n\n\n<p>De inmediato, la mujer dio aviso a las autoridades del Parque Nacional Iguaz\u00fa y se inici\u00f3 un operativo de b\u00fasqueda del que participaron Prefectura Naval Argentina (PNA), Bomberos Voluntarios y el equipo de Polic\u00eda de Misiones. Sin embargo, debido al mal clima y al importante caudal de agua que las Cataratas registran desde la semana pasada, el rastrillaje result\u00f3 complejo.<\/p>\n\n\n\n<p>Fuente: Infobae<\/p>\n","protected":false},"excerpt":{"rendered":"<p>Los resultados del cotejo de las huellas dactilares confirmaron la identidad del hombre que cay\u00f3<\/p>\n","protected":false},"author":1,"featured_media":32584,"comment_status":"open","ping_status":"open","sticky":false,"template":"","format":"standard","meta":{"footnotes":""},"categories":[1,226],"tags":[],"class_list":["post-32583","post","type-post","status-publish","format-standard","has-post-thumbnail","hentry","category-actualidad","category-locales"],"_links":{"self":[{"href":"https:\/\/actualizateiguazu.com\/v3\/wp-json\/wp\/v2\/posts\/32583","targetHints":{"allow":["GET"]}}],"collection":[{"href":"https:\/\/actualizateiguazu.com\/v3\/wp-json\/wp\/v2\/posts"}],"about":[{"href":"https:\/\/actualizateiguazu.com\/v3\/wp-json\/wp\/v2\/types\/post"}],"author":[{"embeddable":true,"href":"https:\/\/actualizateiguazu.com\/v3\/wp-json\/wp\/v2\/users\/1"}],"replies":[{"embeddable":true,"href":"https:\/\/actualizateiguazu.com\/v3\/wp-json\/wp\/v2\/comments?post=32583"}],"version-history":[{"count":1,"href":"https:\/\/actualizateiguazu.com\/v3\/wp-json\/wp\/v2\/posts\/32583\/revisions"}],"predecessor-version":[{"id":32585,"href":"https:\/\/actualizateiguazu.com\/v3\/wp-json\/wp\/v2\/posts\/32583\/revisions\/32585"}],"wp:featuredmedia":[{"embeddable":true,"href":"https:\/\/actualizateiguazu.com\/v3\/wp-json\/wp\/v2\/media\/32584"}],"wp:attachment":[{"href":"https:\/\/actualizateiguazu.com\/v3\/wp-json\/wp\/v2\/media?parent=32583"}],"wp:term":[{"taxonomy":"category","embeddable":true,"href":"https:\/\/actualizateiguazu.com\/v3\/wp-json\/wp\/v2\/categories?post=32583"},{"taxonomy":"post_tag","embeddable":true,"href":"https:\/\/actualizateiguazu.com\/v3\/wp-json\/wp\/v2\/tags?post=32583"}],"curies":[{"name":"wp","href":"https:\/\/api.w.org\/{rel}","templated":true}]}}