{"id":32592,"date":"2022-10-23T17:01:04","date_gmt":"2022-10-23T20:01:04","guid":{"rendered":"https:\/\/actualizateiguazu.com\/v3\/?p=32592"},"modified":"2022-10-23T17:01:08","modified_gmt":"2022-10-23T20:01:08","slug":"un-adolescente-fallecio-tras-un-despiste-en-comandante-andresito","status":"publish","type":"post","link":"https:\/\/actualizateiguazu.com\/v3\/2022\/10\/23\/un-adolescente-fallecio-tras-un-despiste-en-comandante-andresito\/","title":{"rendered":"Un adolescente falleci\u00f3 tras un despiste en Comandante Andresito"},"content":{"rendered":"\n<p>Maicon Iv\u00e1n Ortega de 16 a\u00f1os, falleci\u00f3 esta ma\u00f1ana en el hospital de Comandante Andresito, luego de sufrir graves lesiones al despistar con un autom\u00f3vil sobre la Ruta Provincial N\u00b0 19 de Comandante Andresito. El conductor de 21 a\u00f1os, se encuentra internado en estado cr\u00edtico.<\/p>\n\n\n\n<p>El siniestro vial se registr\u00f3 hoy cerca de las 7 de la ma\u00f1ana, cuando por motivos que son materia de investigaci\u00f3n, un Volkswagen Gol conducido por un joven quien iba acompa\u00f1ado por Maicon, despist\u00f3 sobre la ruta mencionada, terminando a unos 20 metros de la cinta asf\u00e1ltica. Los ocupantes salieron despedidos del veh\u00edculo.<\/p>\n\n\n\n<p>Los j\u00f3venes fueron trasladados r\u00e1pidamente al nosocomio local con lesiones de gravedad, donde el adolescente dej\u00f3 de existir cerca de las 11 horas. Por otro lado, el conductor fue llevado hasta el Samic de Eldorado donde se encuentra internado en estado cr\u00edtico.<\/p>\n\n\n\n<p>Trabajaron en el lugar del hecho, los efectivos de la comisar\u00eda local, la Polic\u00eda Cient\u00edfica, bomberos voluntarios y m\u00e9dico policial. Interviene el Juzgado de Instrucci\u00f3n N 3 de Iguaz\u00fa.<\/p>\n","protected":false},"excerpt":{"rendered":"<p>Maicon Iv\u00e1n Ortega de 16 a\u00f1os, falleci\u00f3 esta ma\u00f1ana en el hospital de Comandante Andresito,<\/p>\n","protected":false},"author":1,"featured_media":32593,"comment_status":"open","ping_status":"open","sticky":false,"template":"","format":"standard","meta":{"footnotes":""},"categories":[228],"tags":[],"class_list":["post-32592","post","type-post","status-publish","format-standard","has-post-thumbnail","hentry","category-policiales"],"_links":{"self":[{"href":"https:\/\/actualizateiguazu.com\/v3\/wp-json\/wp\/v2\/posts\/32592","targetHints":{"allow":["GET"]}}],"collection":[{"href":"https:\/\/actualizateiguazu.com\/v3\/wp-json\/wp\/v2\/posts"}],"about":[{"href":"https:\/\/actualizateiguazu.com\/v3\/wp-json\/wp\/v2\/types\/post"}],"author":[{"embeddable":true,"href":"https:\/\/actualizateiguazu.com\/v3\/wp-json\/wp\/v2\/users\/1"}],"replies":[{"embeddable":true,"href":"https:\/\/actualizateiguazu.com\/v3\/wp-json\/wp\/v2\/comments?post=32592"}],"version-history":[{"count":1,"href":"https:\/\/actualizateiguazu.com\/v3\/wp-json\/wp\/v2\/posts\/32592\/revisions"}],"predecessor-version":[{"id":32594,"href":"https:\/\/actualizateiguazu.com\/v3\/wp-json\/wp\/v2\/posts\/32592\/revisions\/32594"}],"wp:featuredmedia":[{"embeddable":true,"href":"https:\/\/actualizateiguazu.com\/v3\/wp-json\/wp\/v2\/media\/32593"}],"wp:attachment":[{"href":"https:\/\/actualizateiguazu.com\/v3\/wp-json\/wp\/v2\/media?parent=32592"}],"wp:term":[{"taxonomy":"category","embeddable":true,"href":"https:\/\/actualizateiguazu.com\/v3\/wp-json\/wp\/v2\/categories?post=32592"},{"taxonomy":"post_tag","embeddable":true,"href":"https:\/\/actualizateiguazu.com\/v3\/wp-json\/wp\/v2\/tags?post=32592"}],"curies":[{"name":"wp","href":"https:\/\/api.w.org\/{rel}","templated":true}]}}