{"id":32613,"date":"2022-10-24T10:30:15","date_gmt":"2022-10-24T13:30:15","guid":{"rendered":"https:\/\/actualizateiguazu.com\/v3\/?p=32613"},"modified":"2022-10-24T10:30:20","modified_gmt":"2022-10-24T13:30:20","slug":"se-lanzo-la-campana-nacional-de-prevencion-de-las-violencias-de-genero-2022-2023","status":"publish","type":"post","link":"https:\/\/actualizateiguazu.com\/v3\/2022\/10\/24\/se-lanzo-la-campana-nacional-de-prevencion-de-las-violencias-de-genero-2022-2023\/","title":{"rendered":"Se lanz\u00f3 La Campa\u00f1a Nacional de Prevenci\u00f3n de las Violencias de G\u00e9nero 2022 &#8211; 2023"},"content":{"rendered":"\n<p>El Ministerio de las Mujeres, G\u00e9neros y Diversidad de la Naci\u00f3n (MMGyD) present\u00f3 en Tecn\u00f3polis la segunda etapa de la Campa\u00f1a Nacional de Prevenci\u00f3n de las Violencias de G\u00e9nero 2022 &#8211; 2023. As\u00ed, a trav\u00e9s de contenidos gr\u00e1ficos y audiovisuales, gu\u00edas de acciones culturales, intervenciones art\u00edsticas y propuestas l\u00fadicas en el territorio, se invita a reflexionar sobre los sentidos comunes, repensar pr\u00e1cticas y cuestionar los discursos que reproducen las violencias por motivos de g\u00e9nero.<\/p>\n\n\n\n<p>El evento de relanzamiento de la Campa\u00f1a de Prevenci\u00f3n tuvo lugar en la Nave de la Ciencia, donde se presentaron las ganadoras del Concurso Federal \u201cCanciones por una Argentina sin Violencias de G\u00e9nero\u201d organizado por el MMGyD y el Ministerio de Cultura de la Naci\u00f3n: la compositora, cantante y pianista riojana Ana Robles, y el conjunto La Que Te Cumbi\u00f3. Luego se presentaron los nuevos spots que ser\u00e1n difundidos en redes y medios de comunicaci\u00f3n.<\/p>\n\n\n\n<p>\u00abDesde la m\u00fasica, entre otras intervenciones art\u00edsticas, buscamos transformar pr\u00e1cticas injustas y que generan desigualdad\u00bb, expres\u00f3 Mar\u00eda del Valle Aguilar, directora nacional de Pol\u00edticas de Prevenci\u00f3n de las Violencias por Razones de G\u00e9nero, y agreg\u00f3: \u00abLa Campa\u00f1a viene nuevamente a mostrar que la transformaci\u00f3n est\u00e1 en cada una, uno y une de nosotras y no desde afuera. Por eso creemos que debemos hablar de prevenci\u00f3n de violencias con infancias, con juventudes, adultos y personas mayores, porque con todes podemos trabajar en la prevenci\u00f3n desde distintos lugares\u00bb.<\/p>\n\n\n\n<p>Finalmente hubo un cierre musical a cargo de La Colmena, un ensamble musical conformado por mujeres que desarrollan el repertorio popular latinoamericano.<\/p>\n\n\n\n<p>Cabe se\u00f1alar que durante la jornada del domingo tambi\u00e9n estuvo el stand Nos Mueve la Igualdad, de Tecn\u00f3polis, donde el MMGyD llev\u00f3 adelante actividades que se enmarcan en la Campa\u00f1a y difundi\u00f3 las acciones realizadas en su trabajo por la igualdad de g\u00e9neros, la prevenci\u00f3n y el abordaje de las violencias. Adem\u00e1s, el Ministerio de Cultura organiz\u00f3 la exposici\u00f3n Telar Qom, a cargo de Mujeres de Ra\u00edz, de la localidad bonaerense de Presidente Derqui. En ese sentido, la articulaci\u00f3n con dicha cartera nacional result\u00f3 central para la difusi\u00f3n de durante su primera etapa (Argentina Unida contra las Violencias de G\u00e9nero), ya que contribuy\u00f3 a la confecci\u00f3n de los materiales que la constituyen.<\/p>\n\n\n\n<p>Los contenidos fueron pensados para llegar a p\u00fablicos de todas las edades, teniendo en cuenta la diversidad cultural de nuestro pa\u00eds, bajo la premisa de que la violencia de g\u00e9nero es un fen\u00f3meno social y, como tal, la sociedad en su conjunto debe formar parte del compromiso para su erradicaci\u00f3n en todos los \u00e1mbitos.<\/p>\n\n\n\n<p>Estuvieron presentes por el MMGyD: Josefina Kelly, Secretaria de Pol\u00edticas contra la Violencia por Razones de G\u00e9nero; Laurana Malacalza, Subsecretaria de Abordaje Integral de las Violencias por Razones de G\u00e9nero; y Carolina Varsky, Subsecretaria de Programas Especiales contra la Violencia por Razones de G\u00e9nero, entre otras. Mientras que por el Ministerio de Cultura estuvo presente la directora de Tecn\u00f3polis, Mar\u00eda Rosenfeld.<\/p>\n","protected":false},"excerpt":{"rendered":"<p>El Ministerio de las Mujeres, G\u00e9neros y Diversidad de la Naci\u00f3n (MMGyD) present\u00f3 en Tecn\u00f3polis<\/p>\n","protected":false},"author":1,"featured_media":32614,"comment_status":"open","ping_status":"open","sticky":false,"template":"","format":"standard","meta":{"footnotes":""},"categories":[1,227],"tags":[],"class_list":["post-32613","post","type-post","status-publish","format-standard","has-post-thumbnail","hentry","category-actualidad","category-nacionales"],"_links":{"self":[{"href":"https:\/\/actualizateiguazu.com\/v3\/wp-json\/wp\/v2\/posts\/32613","targetHints":{"allow":["GET"]}}],"collection":[{"href":"https:\/\/actualizateiguazu.com\/v3\/wp-json\/wp\/v2\/posts"}],"about":[{"href":"https:\/\/actualizateiguazu.com\/v3\/wp-json\/wp\/v2\/types\/post"}],"author":[{"embeddable":true,"href":"https:\/\/actualizateiguazu.com\/v3\/wp-json\/wp\/v2\/users\/1"}],"replies":[{"embeddable":true,"href":"https:\/\/actualizateiguazu.com\/v3\/wp-json\/wp\/v2\/comments?post=32613"}],"version-history":[{"count":1,"href":"https:\/\/actualizateiguazu.com\/v3\/wp-json\/wp\/v2\/posts\/32613\/revisions"}],"predecessor-version":[{"id":32615,"href":"https:\/\/actualizateiguazu.com\/v3\/wp-json\/wp\/v2\/posts\/32613\/revisions\/32615"}],"wp:featuredmedia":[{"embeddable":true,"href":"https:\/\/actualizateiguazu.com\/v3\/wp-json\/wp\/v2\/media\/32614"}],"wp:attachment":[{"href":"https:\/\/actualizateiguazu.com\/v3\/wp-json\/wp\/v2\/media?parent=32613"}],"wp:term":[{"taxonomy":"category","embeddable":true,"href":"https:\/\/actualizateiguazu.com\/v3\/wp-json\/wp\/v2\/categories?post=32613"},{"taxonomy":"post_tag","embeddable":true,"href":"https:\/\/actualizateiguazu.com\/v3\/wp-json\/wp\/v2\/tags?post=32613"}],"curies":[{"name":"wp","href":"https:\/\/api.w.org\/{rel}","templated":true}]}}