{"id":32616,"date":"2022-10-24T10:37:33","date_gmt":"2022-10-24T13:37:33","guid":{"rendered":"https:\/\/actualizateiguazu.com\/v3\/?p=32616"},"modified":"2022-10-24T10:37:35","modified_gmt":"2022-10-24T13:37:35","slug":"gurises-felices-animo-el-cierre-de-la-bicicleteada-solidaria","status":"publish","type":"post","link":"https:\/\/actualizateiguazu.com\/v3\/2022\/10\/24\/gurises-felices-animo-el-cierre-de-la-bicicleteada-solidaria\/","title":{"rendered":"\u00abGurises Felices\u00bb anim\u00f3 el cierre de la bicicleteada solidaria"},"content":{"rendered":"\n<p>\u201cGurises Felices\u201d particip\u00f3 este domingo, en Ober\u00e1, del cierre de la cuarta bicicleteada solidaria Inclusiva que organizan los Hogares de la Fundaci\u00f3n Guillermo Hayes. Tras la llegada de los participantes, bajo el lema \u00abJuntos andamos mejor\u00bb, el festival tuvo lugar en el patio del Jard\u00edn B\u00edblico de la Fundaci\u00f3n.<\/p>\n\n\n\n<figure class=\"wp-block-image size-full\"><img loading=\"lazy\" decoding=\"async\" width=\"810\" height=\"540\" src=\"https:\/\/actualizateiguazu.com\/v3\/wp-content\/uploads\/2022\/10\/Gurises-hogar-Hayes1.jpeg\" alt=\"\" class=\"wp-image-32618\" srcset=\"https:\/\/actualizateiguazu.com\/v3\/wp-content\/uploads\/2022\/10\/Gurises-hogar-Hayes1.jpeg 810w, https:\/\/actualizateiguazu.com\/v3\/wp-content\/uploads\/2022\/10\/Gurises-hogar-Hayes1-300x200.jpeg 300w, https:\/\/actualizateiguazu.com\/v3\/wp-content\/uploads\/2022\/10\/Gurises-hogar-Hayes1-768x512.jpeg 768w\" sizes=\"auto, (max-width: 810px) 100vw, 810px\" \/><\/figure>\n\n\n\n<p>Adem\u00e1s del equipo del IPLyC SE, que se destac\u00f3 con las habilidades del payaso \u201cPoca Sopa\u201d, los juegos, sorteos y entretenimiento, acudieron otros artistas, entre ellos,\u00a0Pilar Paredes, quien fuera primera finalista del concurso \u201cNuestros Talentos\u201d, realizado por el Instituto<\/p>\n","protected":false},"excerpt":{"rendered":"<p>\u201cGurises Felices\u201d particip\u00f3 este domingo, en Ober\u00e1, del cierre de la cuarta bicicleteada solidaria Inclusiva<\/p>\n","protected":false},"author":1,"featured_media":32617,"comment_status":"open","ping_status":"open","sticky":false,"template":"","format":"standard","meta":{"footnotes":""},"categories":[1,229],"tags":[],"class_list":["post-32616","post","type-post","status-publish","format-standard","has-post-thumbnail","hentry","category-actualidad","category-provinciales"],"_links":{"self":[{"href":"https:\/\/actualizateiguazu.com\/v3\/wp-json\/wp\/v2\/posts\/32616","targetHints":{"allow":["GET"]}}],"collection":[{"href":"https:\/\/actualizateiguazu.com\/v3\/wp-json\/wp\/v2\/posts"}],"about":[{"href":"https:\/\/actualizateiguazu.com\/v3\/wp-json\/wp\/v2\/types\/post"}],"author":[{"embeddable":true,"href":"https:\/\/actualizateiguazu.com\/v3\/wp-json\/wp\/v2\/users\/1"}],"replies":[{"embeddable":true,"href":"https:\/\/actualizateiguazu.com\/v3\/wp-json\/wp\/v2\/comments?post=32616"}],"version-history":[{"count":1,"href":"https:\/\/actualizateiguazu.com\/v3\/wp-json\/wp\/v2\/posts\/32616\/revisions"}],"predecessor-version":[{"id":32619,"href":"https:\/\/actualizateiguazu.com\/v3\/wp-json\/wp\/v2\/posts\/32616\/revisions\/32619"}],"wp:featuredmedia":[{"embeddable":true,"href":"https:\/\/actualizateiguazu.com\/v3\/wp-json\/wp\/v2\/media\/32617"}],"wp:attachment":[{"href":"https:\/\/actualizateiguazu.com\/v3\/wp-json\/wp\/v2\/media?parent=32616"}],"wp:term":[{"taxonomy":"category","embeddable":true,"href":"https:\/\/actualizateiguazu.com\/v3\/wp-json\/wp\/v2\/categories?post=32616"},{"taxonomy":"post_tag","embeddable":true,"href":"https:\/\/actualizateiguazu.com\/v3\/wp-json\/wp\/v2\/tags?post=32616"}],"curies":[{"name":"wp","href":"https:\/\/api.w.org\/{rel}","templated":true}]}}