{"id":32679,"date":"2022-10-26T13:04:26","date_gmt":"2022-10-26T16:04:26","guid":{"rendered":"https:\/\/actualizateiguazu.com\/v3\/?p=32679"},"modified":"2022-10-26T13:04:28","modified_gmt":"2022-10-26T16:04:28","slug":"todo-listo-para-el-esperado-show-de-emilia-en-posadas","status":"publish","type":"post","link":"https:\/\/actualizateiguazu.com\/v3\/2022\/10\/26\/todo-listo-para-el-esperado-show-de-emilia-en-posadas\/","title":{"rendered":"Todo listo para el esperado show de Emilia en Posadas"},"content":{"rendered":"\n<p>Ser\u00e1 este viernes 28, en la Cascada Parque Cantera de la Costanera de Posadas. El encuentro ser\u00e1 una oportunidad para realizar el cierre del \u201cMes Rosa\u201d, dedicado a la concientizaci\u00f3n y prevenci\u00f3n del c\u00e1ncer de mama. El predio se convertir\u00e1 en un gran centro de informaci\u00f3n, ya que contar\u00e1 con stand y puestos de control donde se brindar\u00e1n detalles sobre los m\u00e9todos de prevenci\u00f3n de la enfermedad.<br>Para que todos puedan disfrutar del espect\u00e1culo de la misma manera, habr\u00e1 un espacio inclusivo al que podr\u00e1n acceder personas con discapacidad, con un acompa\u00f1ante.<\/p>\n\n\n\n<p>Quienes asistan a este multitudinario evento, organizado por el IPLyC SE, la Municipalidad de Posadas y el Gobierno de Misiones, deber\u00e1n saber que no podr\u00e1n ingresar al predio con fuego y explosivos, bebidas alcoh\u00f3licas y estupefacientes, botellas o elementos de vidrio, elementos punzocortantes y contundentes, sillones, equipos de mate y terer\u00e9, termolares, conservadores y alcoholes. En caso que quieran llevar agua, tendr\u00e1n que utilizar botellas de pl\u00e1stico. El ingreso al predio estar\u00e1 habilitado a partir de las 16.<\/p>\n","protected":false},"excerpt":{"rendered":"<p>Ser\u00e1 este viernes 28, en la Cascada Parque Cantera de la Costanera de Posadas. El<\/p>\n","protected":false},"author":1,"featured_media":32680,"comment_status":"open","ping_status":"open","sticky":false,"template":"","format":"standard","meta":{"footnotes":""},"categories":[1,229],"tags":[],"class_list":["post-32679","post","type-post","status-publish","format-standard","has-post-thumbnail","hentry","category-actualidad","category-provinciales"],"_links":{"self":[{"href":"https:\/\/actualizateiguazu.com\/v3\/wp-json\/wp\/v2\/posts\/32679","targetHints":{"allow":["GET"]}}],"collection":[{"href":"https:\/\/actualizateiguazu.com\/v3\/wp-json\/wp\/v2\/posts"}],"about":[{"href":"https:\/\/actualizateiguazu.com\/v3\/wp-json\/wp\/v2\/types\/post"}],"author":[{"embeddable":true,"href":"https:\/\/actualizateiguazu.com\/v3\/wp-json\/wp\/v2\/users\/1"}],"replies":[{"embeddable":true,"href":"https:\/\/actualizateiguazu.com\/v3\/wp-json\/wp\/v2\/comments?post=32679"}],"version-history":[{"count":1,"href":"https:\/\/actualizateiguazu.com\/v3\/wp-json\/wp\/v2\/posts\/32679\/revisions"}],"predecessor-version":[{"id":32681,"href":"https:\/\/actualizateiguazu.com\/v3\/wp-json\/wp\/v2\/posts\/32679\/revisions\/32681"}],"wp:featuredmedia":[{"embeddable":true,"href":"https:\/\/actualizateiguazu.com\/v3\/wp-json\/wp\/v2\/media\/32680"}],"wp:attachment":[{"href":"https:\/\/actualizateiguazu.com\/v3\/wp-json\/wp\/v2\/media?parent=32679"}],"wp:term":[{"taxonomy":"category","embeddable":true,"href":"https:\/\/actualizateiguazu.com\/v3\/wp-json\/wp\/v2\/categories?post=32679"},{"taxonomy":"post_tag","embeddable":true,"href":"https:\/\/actualizateiguazu.com\/v3\/wp-json\/wp\/v2\/tags?post=32679"}],"curies":[{"name":"wp","href":"https:\/\/api.w.org\/{rel}","templated":true}]}}