{"id":32682,"date":"2022-10-26T16:02:08","date_gmt":"2022-10-26T19:02:08","guid":{"rendered":"https:\/\/actualizateiguazu.com\/v3\/?p=32682"},"modified":"2022-10-26T16:02:12","modified_gmt":"2022-10-26T19:02:12","slug":"articulan-acciones-para-fortalecer-la-atencion-de-pacientes-con-consumos-problematicos-y-adicciones-en-zona-norte","status":"publish","type":"post","link":"https:\/\/actualizateiguazu.com\/v3\/2022\/10\/26\/articulan-acciones-para-fortalecer-la-atencion-de-pacientes-con-consumos-problematicos-y-adicciones-en-zona-norte\/","title":{"rendered":"Articulan acciones para fortalecer la atenci\u00f3n de pacientes con consumos problem\u00e1ticos y adicciones en zona Norte"},"content":{"rendered":"\n<p>Los Ministerios de Prevenci\u00f3n de Adicciones y Control de Drogas, de Salud P\u00fablica y de Gobierno articulan acciones para fortalecer la atenci\u00f3n de la demanda de pacientes que atraviesan situaciones de consumo problem\u00e1tico y adicciones. El Ministro Mgtr. Esteban Samuel L\u00f3pez explic\u00f3 que se concret\u00f3 una reuni\u00f3n con integrantes de los mencionados organismos, teniendo en cuenta que \u201chay una grave preocupaci\u00f3n por el avance de la pedra una sustancia muy adictiva, el paco o crack brasilero, que est\u00e1 causando estragos en la ni\u00f1ez y adolescencia en la zona Norte, donde vemos a muchas madres preocupadas por la situaci\u00f3n\u201d.<\/p>\n\n\n\n<p>En ese sentido, indic\u00f3 que \u201ces la gran oportunidad de optimizar recursos entre los ministerios, en lo que tiene que ver con la atenci\u00f3n de la demanda, atender la situaci\u00f3n de emergencia y redise\u00f1ar un programa espec\u00edfico para la prevenci\u00f3n y la promoci\u00f3n de la salud\u201d.<\/p>\n\n\n\n<figure class=\"wp-block-image size-large\"><img loading=\"lazy\" decoding=\"async\" width=\"1024\" height=\"683\" src=\"https:\/\/actualizateiguazu.com\/v3\/wp-content\/uploads\/2022\/10\/Reunion-Ministerios-de-Salud-Prevencion-y-Gobierno-1-1024x683.jpg\" alt=\"\" class=\"wp-image-32683\" srcset=\"https:\/\/actualizateiguazu.com\/v3\/wp-content\/uploads\/2022\/10\/Reunion-Ministerios-de-Salud-Prevencion-y-Gobierno-1-1024x683.jpg 1024w, https:\/\/actualizateiguazu.com\/v3\/wp-content\/uploads\/2022\/10\/Reunion-Ministerios-de-Salud-Prevencion-y-Gobierno-1-300x200.jpg 300w, https:\/\/actualizateiguazu.com\/v3\/wp-content\/uploads\/2022\/10\/Reunion-Ministerios-de-Salud-Prevencion-y-Gobierno-1-768x512.jpg 768w, https:\/\/actualizateiguazu.com\/v3\/wp-content\/uploads\/2022\/10\/Reunion-Ministerios-de-Salud-Prevencion-y-Gobierno-1.jpg 1280w\" sizes=\"auto, (max-width: 1024px) 100vw, 1024px\" \/><\/figure>\n\n\n\n<p>\u201cEn la zona Norte hay un avance importante realizado con comunidades de fe, escuelas, la sociedad; nos reunimos para redise\u00f1ar un plan con base en Eldorado, donde tenemos el Samic, la atenci\u00f3n de emergencia, salud mental las 24 horas, en el hospital Gard\u00e9s queremos ampliar la atenci\u00f3n para la desintoxicaci\u00f3n y deshabituaci\u00f3n, y en el Dispositivo Territorial Comunitario (DTC), espacio ubicado en el KM 3, conformar un Centro Modelo de Atenci\u00f3n y Seguimiento de Ni\u00f1os, Ni\u00f1as y Adolescentes en Conflicto con la Ley Penal (Ce. Mo.A.S)\u201d, detall\u00f3.<\/p>\n\n\n\n<p>En ese sentido, se adelant\u00f3 que el viernes el Subsecretario de Prevenci\u00f3n Roberto Padilla, el Subsecretario de Seguridad, Ariel Marinoni, se reunir\u00e1n con la Jueza de Menores Dra. Marisa Aquino, para la implementaci\u00f3n del Ce.Mo.A.S en el DTC.<\/p>\n\n\n\n<p>El espacio del DTC cuenta con la infraestructura, camas, talleres, y se articula con el Servicio Penitenciario Provincial que dispone de profesionales, recurso humano preparado para la atenci\u00f3n de los menores de manera transitoria; teniendo en cuenta que la importancia de la tarea con los adolescentes es el seguimiento.<\/p>\n\n\n\n<p>En el encuentro presencial realizado en el Ministerio de Salud P\u00fablica y virtual participaron el Ministro de Prevenci\u00f3n, Mgtr. Esteban Samuel L\u00f3pez, de Salud P\u00fablica, Dr. Oscar Alarc\u00f3n, los Subsecretarios de Prevenci\u00f3n de Adicciones y Monitoreo Territorial, Roberto Padilla, el Subsecretario de Seguridad y Justicia, Dr. Pedro Ariel Marinoni, el director de Recursos Humanos de Salud, Dr. Javier Fernando Daniel Mattivi, el director Ejecutivo del Hospital Samic Eldorado, Dr. Rodrigo Dur\u00e1n, el Gerente Asistencial, Dr. Jos\u00e9 Rodr\u00edguez, el director del Hospital Ram\u00f3n Gard\u00e9s, Dr. C\u00e9sar Mendoza, el jefe de APS de Zona Norte Paran\u00e1, Dr. Alfredo Mart\u00ednez, la Coordinadora del DTC Eldorado, Rosamar\u00eda L\u00f3pez, integrantes del equipo interdisciplinario de Prevenci\u00f3n y Capacitaci\u00f3n del Ministerio de Prevenci\u00f3n; entre otros actores de zona Norte.<\/p>\n","protected":false},"excerpt":{"rendered":"<p>Los Ministerios de Prevenci\u00f3n de Adicciones y Control de Drogas, de Salud P\u00fablica y de<\/p>\n","protected":false},"author":1,"featured_media":32684,"comment_status":"open","ping_status":"open","sticky":false,"template":"","format":"standard","meta":{"footnotes":""},"categories":[1,226],"tags":[],"class_list":["post-32682","post","type-post","status-publish","format-standard","has-post-thumbnail","hentry","category-actualidad","category-locales"],"_links":{"self":[{"href":"https:\/\/actualizateiguazu.com\/v3\/wp-json\/wp\/v2\/posts\/32682","targetHints":{"allow":["GET"]}}],"collection":[{"href":"https:\/\/actualizateiguazu.com\/v3\/wp-json\/wp\/v2\/posts"}],"about":[{"href":"https:\/\/actualizateiguazu.com\/v3\/wp-json\/wp\/v2\/types\/post"}],"author":[{"embeddable":true,"href":"https:\/\/actualizateiguazu.com\/v3\/wp-json\/wp\/v2\/users\/1"}],"replies":[{"embeddable":true,"href":"https:\/\/actualizateiguazu.com\/v3\/wp-json\/wp\/v2\/comments?post=32682"}],"version-history":[{"count":1,"href":"https:\/\/actualizateiguazu.com\/v3\/wp-json\/wp\/v2\/posts\/32682\/revisions"}],"predecessor-version":[{"id":32685,"href":"https:\/\/actualizateiguazu.com\/v3\/wp-json\/wp\/v2\/posts\/32682\/revisions\/32685"}],"wp:featuredmedia":[{"embeddable":true,"href":"https:\/\/actualizateiguazu.com\/v3\/wp-json\/wp\/v2\/media\/32684"}],"wp:attachment":[{"href":"https:\/\/actualizateiguazu.com\/v3\/wp-json\/wp\/v2\/media?parent=32682"}],"wp:term":[{"taxonomy":"category","embeddable":true,"href":"https:\/\/actualizateiguazu.com\/v3\/wp-json\/wp\/v2\/categories?post=32682"},{"taxonomy":"post_tag","embeddable":true,"href":"https:\/\/actualizateiguazu.com\/v3\/wp-json\/wp\/v2\/tags?post=32682"}],"curies":[{"name":"wp","href":"https:\/\/api.w.org\/{rel}","templated":true}]}}