{"id":32686,"date":"2022-10-26T19:21:59","date_gmt":"2022-10-26T22:21:59","guid":{"rendered":"https:\/\/actualizateiguazu.com\/v3\/?p=32686"},"modified":"2022-10-26T19:22:01","modified_gmt":"2022-10-26T22:22:01","slug":"la-iguazuense-carolina-fernandez-fue-nominada-para-ser-la-modelo-del-ano-2-022","status":"publish","type":"post","link":"https:\/\/actualizateiguazu.com\/v3\/2022\/10\/26\/la-iguazuense-carolina-fernandez-fue-nominada-para-ser-la-modelo-del-ano-2-022\/","title":{"rendered":"La Iguazuense Carolina Fern\u00e1ndez fue nominada para ser la modelo del a\u00f1o 2.022"},"content":{"rendered":"\n<p>Como hace ya tres a\u00f1os, la ruta del dise\u00f1o Misionero elige a la modelo del a\u00f1o que acompa\u00f1a la elecci\u00f3n del Embajador del Dise\u00f1o Misionero que es coronado en la celebraci\u00f3n del Cataratas Day. Si bien aun no trascienden los detalles del festejo por un a\u00f1o m\u00e1s de la elecci\u00f3n de Cataratas como Maravilla Natural por la Fundaci\u00f3n New Seven Wonders, hoy se conocieron las nominadas a Modelo del A\u00f1o, entre las 12 seleccionadas se encuentra Carolina Fern\u00e1ndez de Puerto Iguaz\u00fa.<\/p>\n\n\n\n<p>Bajo la tem\u00e1tica \u00abGuardianes de la Selva\u00bb, el arte, la moda y el dise\u00f1o misionero culmino el camino de b\u00fasqueda de talentos locales, rumbo a Cataratas Day. Como todos los a\u00f1os, busc\u00f3 potenciar a los talentos de la industria de la moda y afines, dando oportunidades a los dise\u00f1adores emergentes, creando banco de datos de profesionales misioneros de la moda y afines, y fusionando pasarela de moda con destinos tur\u00edsticos y culturales de la provincia, mediante una agenda anual de eventos, encuentros, desfiles y capacitaciones a trav\u00e9s de la Incubadora de Dise\u00f1o.<\/p>\n\n\n\n<p>Son 17 los dise\u00f1adores seleccionados para competir por el titulo de Embajador de la Moda Misionero, junto a la modelo del a\u00f1o representaran a la provincia en las pasarelas m\u00e1s importantes del pa\u00eds llevando consigo la tierra colorada buscando imponer tendencias en el mundo de la moda.<\/p>\n\n\n\n<p>Si bien desde la organizaci\u00f3n de la Ruta del Dise\u00f1o seleccionan a los ganadores, este a\u00f1o invitan a los Misioneros a votar por sus favoritas, ya sea la dise\u00f1adora como a la modelo del a\u00f1o. Para votar por Carolina Fern\u00e1ndez deben ingresar al link <a href=\"https:\/\/www.instagram.com\/p\/CkLoLK9LMjc\/?utm_source=ig_web_copy_link\">https:\/\/www.instagram.com\/p\/CkLoLK9LMjc\/?utm_source=ig_web_copy_link<\/a><\/p>\n","protected":false},"excerpt":{"rendered":"<p>Como hace ya tres a\u00f1os, la ruta del dise\u00f1o Misionero elige a la modelo del<\/p>\n","protected":false},"author":1,"featured_media":32687,"comment_status":"open","ping_status":"open","sticky":false,"template":"","format":"standard","meta":{"footnotes":""},"categories":[1,226],"tags":[],"class_list":["post-32686","post","type-post","status-publish","format-standard","has-post-thumbnail","hentry","category-actualidad","category-locales"],"_links":{"self":[{"href":"https:\/\/actualizateiguazu.com\/v3\/wp-json\/wp\/v2\/posts\/32686","targetHints":{"allow":["GET"]}}],"collection":[{"href":"https:\/\/actualizateiguazu.com\/v3\/wp-json\/wp\/v2\/posts"}],"about":[{"href":"https:\/\/actualizateiguazu.com\/v3\/wp-json\/wp\/v2\/types\/post"}],"author":[{"embeddable":true,"href":"https:\/\/actualizateiguazu.com\/v3\/wp-json\/wp\/v2\/users\/1"}],"replies":[{"embeddable":true,"href":"https:\/\/actualizateiguazu.com\/v3\/wp-json\/wp\/v2\/comments?post=32686"}],"version-history":[{"count":1,"href":"https:\/\/actualizateiguazu.com\/v3\/wp-json\/wp\/v2\/posts\/32686\/revisions"}],"predecessor-version":[{"id":32688,"href":"https:\/\/actualizateiguazu.com\/v3\/wp-json\/wp\/v2\/posts\/32686\/revisions\/32688"}],"wp:featuredmedia":[{"embeddable":true,"href":"https:\/\/actualizateiguazu.com\/v3\/wp-json\/wp\/v2\/media\/32687"}],"wp:attachment":[{"href":"https:\/\/actualizateiguazu.com\/v3\/wp-json\/wp\/v2\/media?parent=32686"}],"wp:term":[{"taxonomy":"category","embeddable":true,"href":"https:\/\/actualizateiguazu.com\/v3\/wp-json\/wp\/v2\/categories?post=32686"},{"taxonomy":"post_tag","embeddable":true,"href":"https:\/\/actualizateiguazu.com\/v3\/wp-json\/wp\/v2\/tags?post=32686"}],"curies":[{"name":"wp","href":"https:\/\/api.w.org\/{rel}","templated":true}]}}