{"id":32689,"date":"2022-10-26T19:30:41","date_gmt":"2022-10-26T22:30:41","guid":{"rendered":"https:\/\/actualizateiguazu.com\/v3\/?p=32689"},"modified":"2022-10-26T19:30:44","modified_gmt":"2022-10-26T22:30:44","slug":"la-provincia-dio-un-paso-sustancial-hacia-la-concrecion-de-obras-y-la-creacion-de-la-zona-especial-aduanera","status":"publish","type":"post","link":"https:\/\/actualizateiguazu.com\/v3\/2022\/10\/26\/la-provincia-dio-un-paso-sustancial-hacia-la-concrecion-de-obras-y-la-creacion-de-la-zona-especial-aduanera\/","title":{"rendered":"La provincia dio un paso sustancial hacia la concreci\u00f3n de obras y la creaci\u00f3n de la zona especial aduanera"},"content":{"rendered":"\n<p>El Gobernador celebr\u00f3 hoy la aprobaci\u00f3n del Presupuesto 2023 y la incorporaci\u00f3n de las peticiones de Misiones fruto del trabajo articulado del Ejecutivo, el Legislativo y los diputados nacionales misioneristas. Ratific\u00f3 que \u00absiempre van a encontrar en este gobernador la insistencia constante, permanente, los 365 d\u00edas del a\u00f1o, en defensa de los derechos de los misioneros\u201d.<\/p>\n\n\n\n<p>En sesi\u00f3n especial de la C\u00e1mara de Diputados de la Naci\u00f3n, esta ma\u00f1ana finalmente fue aprobado el Presupuesto Nacional para el a\u00f1o 2023 que contiene las partidas necesarias para continuar el gasoducto hasta la tierra colorada, la potestad para el Gobierno Nacional de crear la Zona Especial Aduanera para Misiones y la asignaci\u00f3n de partidas para la construcci\u00f3n de rutas, hospitales y escuelas. Todos fueron reclamos incorporados al proyecto de Presupuesto a partir de la gesti\u00f3n permanente del gobernador Oscar Herrera Ahuad en Buenos Aires, la visi\u00f3n estrat\u00e9gica de Carlos Rovira desde la presidencia de la Legislatura y la tarea incansable y en soledad en la Legislatura Nacional de los diputados misioneristas en beneficio de todos los misioneros.<\/p>\n\n\n\n<p>\u201cUn gran logro legislativo que nos da la tranquilidad por el cumplimiento de la palabra empe\u00f1ada en defender los derechos de los misioneros, con firmeza y convicciones aseguramos obras para la construcci\u00f3n rutas, hospitales, escuelas y la zona especial aduanera\u201d, tuite\u00f3 el gobernador Oscar Herrera Ahuad hoy temprano desde su cuenta personal, celebrando este primer paso por el que trabaj\u00f3 denodadamente y reclam\u00f3 cada vez que su agenda de Gobierno se traslad\u00f3 a Buenos Aires con autoridades nacionales.<\/p>\n\n\n\n<p>\u201cNo claudicar\u00e9 en el compromiso con los misioneros y seguiremos insistiendo\u201d, hab\u00eda ya anticipado el Gobernador al jefe de Gabinete Juan Manzur cuando la petici\u00f3n misionera fue vetada por el presidente Fern\u00e1ndez y naufrag\u00f3 el Presupuesto 2022 rechazado por la oposici\u00f3n, incluso la de los legisladores misioneros de fuerzas nacionales que no acompa\u00f1aron las peticiones de Misiones. Y cumpli\u00f3.<\/p>\n\n\n\n<p>Este mediod\u00eda, durante su visita al cuartel de bomberos de Itaemb\u00e9 Min\u00ed, el gobernador Herrera Ahuad celebr\u00f3 la aprobaci\u00f3n del Presupuesto 2023 en el Congreso de la Naci\u00f3n y destac\u00f3 el papel de los diputados nacionales de la renovaci\u00f3n. Resalt\u00f3 la incorporaci\u00f3n de la zona aduanera especial y la inclusi\u00f3n de obras energ\u00e9ticas y traves\u00edas urbanas en Misiones. \u00abMuchas de ellas se est\u00e1n haciendo a\u00fan sin presupuesto aprobado y muchas han quedado plasmadas en este presupuesto para ejecuci\u00f3n en 2023 que seguramente van a ser muy importantes de cara a los que venimos pensando para el desarrollo del futuro de Misiones\u00bb, aclar\u00f3.<\/p>\n\n\n\n<p>De la misma manera, enfatiz\u00f3 que la \u00abpol\u00edtica del Gobierno es cuidar y proteger a los misioneros\u00bb, y que en el presupuesto aprobado se ven representados los derechos de todos los misioneros. Espec\u00edficamente, sobre la inclusi\u00f3n de la Zona Especial Aduanera en la partida, afirm\u00f3 que es un acto de \u00abjusticia y hace a la distribuci\u00f3n en un marco m\u00e1s federal\u201d. Hacia el final, expres\u00f3 que \u00abvan a encontrar en este gobernador la insistencia constante, permanente, los 365 d\u00edas del a\u00f1o en defensa de los derechos de los misioneros y sin mirar otros intereses m\u00e1s que no sea el crecimiento y el desarrollo de Misiones\u00bb.<\/p>\n","protected":false},"excerpt":{"rendered":"<p>El Gobernador celebr\u00f3 hoy la aprobaci\u00f3n del Presupuesto 2023 y la incorporaci\u00f3n de las peticiones<\/p>\n","protected":false},"author":1,"featured_media":32690,"comment_status":"open","ping_status":"open","sticky":false,"template":"","format":"standard","meta":{"footnotes":""},"categories":[1,229],"tags":[],"class_list":["post-32689","post","type-post","status-publish","format-standard","has-post-thumbnail","hentry","category-actualidad","category-provinciales"],"_links":{"self":[{"href":"https:\/\/actualizateiguazu.com\/v3\/wp-json\/wp\/v2\/posts\/32689","targetHints":{"allow":["GET"]}}],"collection":[{"href":"https:\/\/actualizateiguazu.com\/v3\/wp-json\/wp\/v2\/posts"}],"about":[{"href":"https:\/\/actualizateiguazu.com\/v3\/wp-json\/wp\/v2\/types\/post"}],"author":[{"embeddable":true,"href":"https:\/\/actualizateiguazu.com\/v3\/wp-json\/wp\/v2\/users\/1"}],"replies":[{"embeddable":true,"href":"https:\/\/actualizateiguazu.com\/v3\/wp-json\/wp\/v2\/comments?post=32689"}],"version-history":[{"count":1,"href":"https:\/\/actualizateiguazu.com\/v3\/wp-json\/wp\/v2\/posts\/32689\/revisions"}],"predecessor-version":[{"id":32691,"href":"https:\/\/actualizateiguazu.com\/v3\/wp-json\/wp\/v2\/posts\/32689\/revisions\/32691"}],"wp:featuredmedia":[{"embeddable":true,"href":"https:\/\/actualizateiguazu.com\/v3\/wp-json\/wp\/v2\/media\/32690"}],"wp:attachment":[{"href":"https:\/\/actualizateiguazu.com\/v3\/wp-json\/wp\/v2\/media?parent=32689"}],"wp:term":[{"taxonomy":"category","embeddable":true,"href":"https:\/\/actualizateiguazu.com\/v3\/wp-json\/wp\/v2\/categories?post=32689"},{"taxonomy":"post_tag","embeddable":true,"href":"https:\/\/actualizateiguazu.com\/v3\/wp-json\/wp\/v2\/tags?post=32689"}],"curies":[{"name":"wp","href":"https:\/\/api.w.org\/{rel}","templated":true}]}}