{"id":32710,"date":"2022-10-27T19:50:40","date_gmt":"2022-10-27T22:50:40","guid":{"rendered":"https:\/\/actualizateiguazu.com\/v3\/?p=32710"},"modified":"2022-10-27T19:50:42","modified_gmt":"2022-10-27T22:50:42","slug":"la-misionera-juliana-quijano-en-el-mural-homenaje-al-personal-de-salud-en-el-malbran","status":"publish","type":"post","link":"https:\/\/actualizateiguazu.com\/v3\/2022\/10\/27\/la-misionera-juliana-quijano-en-el-mural-homenaje-al-personal-de-salud-en-el-malbran\/","title":{"rendered":"La misionera Juliana Quijano en el mural homenaje al personal de salud\u00a0en el\u00a0Malbr\u00e1n"},"content":{"rendered":"\n<p>En el marco del COFESA, que se desarrolla hoy, los ministros y ministras de Salud de todo el pa\u00eds recorrieron el Pasaje Soles (mural en homenaje al personal de salud) que realiz\u00f3 el Instituto de Administraci\u00f3n Nacional de Laboratorios e Institutos de Salud \u201cDr. Carlos Malbr\u00e1n\u201d, que refleja a todas y todos los trabajadores que han enfrentado la pandemia de Covid-19 en el sistema sanitario. Misiones, y el Hospital Nuestra Se\u00f1ora de F\u00e1tima en particular, est\u00e1 representada por Juliana Quijano, jefa de Internaci\u00f3n Cl\u00ednica del mencionado hospital, quien durante la pandemia tuvo un rol muy importante junto a sus compa\u00f1eros de trabajo, en el cuidado y atenci\u00f3n de los misioneros.<\/p>\n\n\n\n<p>El ministro de Salud P\u00fablica de Misiones, Dr. Oscar Alarc\u00f3n, quien participa hoy de la reuni\u00f3n del COFESA, destac\u00f3 el gran trabajo que realiz\u00f3 el personal de salud misionero en tiempos de pandemia, que estuvo al frente del cuidado de la poblaci\u00f3n con compromiso y solidaridad.<\/p>\n\n\n\n<p>El objetivo del mural ubicado en las paredes del hist\u00f3rico del edificio de la Administraci\u00f3n Nacional de Laboratorios e Institutos de Salud (ANLIS), ubicado en la calle V\u00e9lez S\u00e1rsfield, tiene como fin destacar el compromiso y seriedad de cada trabajador, abarcando desde los afectados a la actividad en el sistema de salud hasta aquellos que formaron parte del engranaje para el cuidado de la poblaci\u00f3n.<\/p>\n","protected":false},"excerpt":{"rendered":"<p>En el marco del COFESA, que se desarrolla hoy, los ministros y ministras de Salud<\/p>\n","protected":false},"author":1,"featured_media":32711,"comment_status":"open","ping_status":"open","sticky":false,"template":"","format":"standard","meta":{"footnotes":""},"categories":[1,229,231],"tags":[],"class_list":["post-32710","post","type-post","status-publish","format-standard","has-post-thumbnail","hentry","category-actualidad","category-provinciales","category-salud"],"_links":{"self":[{"href":"https:\/\/actualizateiguazu.com\/v3\/wp-json\/wp\/v2\/posts\/32710","targetHints":{"allow":["GET"]}}],"collection":[{"href":"https:\/\/actualizateiguazu.com\/v3\/wp-json\/wp\/v2\/posts"}],"about":[{"href":"https:\/\/actualizateiguazu.com\/v3\/wp-json\/wp\/v2\/types\/post"}],"author":[{"embeddable":true,"href":"https:\/\/actualizateiguazu.com\/v3\/wp-json\/wp\/v2\/users\/1"}],"replies":[{"embeddable":true,"href":"https:\/\/actualizateiguazu.com\/v3\/wp-json\/wp\/v2\/comments?post=32710"}],"version-history":[{"count":1,"href":"https:\/\/actualizateiguazu.com\/v3\/wp-json\/wp\/v2\/posts\/32710\/revisions"}],"predecessor-version":[{"id":32712,"href":"https:\/\/actualizateiguazu.com\/v3\/wp-json\/wp\/v2\/posts\/32710\/revisions\/32712"}],"wp:featuredmedia":[{"embeddable":true,"href":"https:\/\/actualizateiguazu.com\/v3\/wp-json\/wp\/v2\/media\/32711"}],"wp:attachment":[{"href":"https:\/\/actualizateiguazu.com\/v3\/wp-json\/wp\/v2\/media?parent=32710"}],"wp:term":[{"taxonomy":"category","embeddable":true,"href":"https:\/\/actualizateiguazu.com\/v3\/wp-json\/wp\/v2\/categories?post=32710"},{"taxonomy":"post_tag","embeddable":true,"href":"https:\/\/actualizateiguazu.com\/v3\/wp-json\/wp\/v2\/tags?post=32710"}],"curies":[{"name":"wp","href":"https:\/\/api.w.org\/{rel}","templated":true}]}}