{"id":32732,"date":"2022-10-29T08:58:40","date_gmt":"2022-10-29T11:58:40","guid":{"rendered":"https:\/\/actualizateiguazu.com\/v3\/?p=32732"},"modified":"2022-10-29T08:58:42","modified_gmt":"2022-10-29T11:58:42","slug":"misiones-vibro-al-ritmo-de-los-temas-de-emilia","status":"publish","type":"post","link":"https:\/\/actualizateiguazu.com\/v3\/2022\/10\/29\/misiones-vibro-al-ritmo-de-los-temas-de-emilia\/","title":{"rendered":"Misiones \u201cvibr\u00f3\u201d al ritmo de los temas de Emilia"},"content":{"rendered":"\n<p class=\"wp-block-paragraph\">Miles de misioneros disfrutaron del multitudinario espect\u00e1culo que la popular cantante Emilia Mernes ofreci\u00f3 esta noche de viernes en la Cascada Parque Cantera de la Costanera de Posadas. Organizada por el IPLyC SE, la Municipalidad de Posadas y el Gobierno de Misiones, la convocatoria fue una verdadera fiesta, que tambi\u00e9n tuvo un costado solidario, aprovechando la oportunidad para cerrar el Mes Rosa.<\/p>\n\n\n\n<p class=\"wp-block-paragraph\">De esta manera, las mujeres interesadas pudieron informarse sobre la campa\u00f1a de prevenci\u00f3n y concientizaci\u00f3n contra el C\u00e1ncer de Mama. Es que en forma permanente el IPlyC SE busca trabajar en conjunto y colaborar con los distintos organismos que llevan adelante trabajos comprometidos para causas realmente nobles.<\/p>\n\n\n\n<p class=\"wp-block-paragraph\">Alrededor de las 21.30 y tras varias horas de espera, la adrenalina subi\u00f3 a mil cuando el escenario se eclips\u00f3 con la aparici\u00f3n de la ex integrante de Rombai, entre luces, efectos y un estridente \u201cbuenas noches Misiones\u201d. E interpret\u00f3, entre otros, \u201cRecalienta\u201d, \u201cPerreito salvaje\u201d, y \u201cCielo en la mente\u201d. Antes del cambio de vestuario, dijo que \u201c\u00e9sta es una noche para re\u00edr y emocionar, para olvidar los problemas y disfrutar\u201d. Y sigui\u00f3 con \u201cEsto reci\u00e9n empieza\u201d, \u201cBB\u201d, \u201cBendici\u00f3n\u201d. Para cantar \u201cLa balada\u201d, aclar\u00f3 que \u201ces muy especial y la preferida de muchos\u201d. Y que ahora canta del lado de la superaci\u00f3n. Luego que se emocionara con el cumplea\u00f1os feliz que le ofreci\u00f3 el p\u00fablico \u2013cumple a\u00f1os ma\u00f1ana-, continu\u00f3 con \u201cNo m\u00e1s\u201d, \u201cLatin girl\u201d, \u201cR\u00e1pido lento\u201d, \u201cIntoxicao\u201d, \u201cNo soy yo\u201d, \u201cDe enero a diciembre\u201d, para finalizar con su favorita: \u201cComo si no importara\u201d. Tras la despedida, y al pedido de \u201cotra, otra\u201d, regres\u00f3 para \u201cCuatro veinte\u201d.<\/p>\n\n\n\n<figure class=\"wp-block-image size-large\"><img loading=\"lazy\" decoding=\"async\" width=\"1024\" height=\"768\" src=\"https:\/\/actualizateiguazu.com\/v3\/wp-content\/uploads\/2022\/10\/WhatsApp-Image-2022-10-28-at-23.26.43-1024x768.jpeg\" alt=\"\" class=\"wp-image-32733\" srcset=\"https:\/\/actualizateiguazu.com\/v3\/wp-content\/uploads\/2022\/10\/WhatsApp-Image-2022-10-28-at-23.26.43-1024x768.jpeg 1024w, https:\/\/actualizateiguazu.com\/v3\/wp-content\/uploads\/2022\/10\/WhatsApp-Image-2022-10-28-at-23.26.43-300x225.jpeg 300w, https:\/\/actualizateiguazu.com\/v3\/wp-content\/uploads\/2022\/10\/WhatsApp-Image-2022-10-28-at-23.26.43-768x576.jpeg 768w, https:\/\/actualizateiguazu.com\/v3\/wp-content\/uploads\/2022\/10\/WhatsApp-Image-2022-10-28-at-23.26.43-1536x1152.jpeg 1536w, https:\/\/actualizateiguazu.com\/v3\/wp-content\/uploads\/2022\/10\/WhatsApp-Image-2022-10-28-at-23.26.43-720x540.jpeg 720w, https:\/\/actualizateiguazu.com\/v3\/wp-content\/uploads\/2022\/10\/WhatsApp-Image-2022-10-28-at-23.26.43.jpeg 1600w\" sizes=\"auto, (max-width: 1024px) 100vw, 1024px\" \/><\/figure>\n\n\n\n<p class=\"wp-block-paragraph\">A fin que todos puedan disfrutar de este show de la misma manera, hubo un espacio para las personas con <a href=\"sector%20discapacidad.docx\"><strong>discapacidad<\/strong><\/a> pudieran ingresar con un acompa\u00f1ante.<\/p>\n\n\n\n<p class=\"wp-block-paragraph\">Para poder estar cerca de esta artista, que por primera vez pis\u00f3 tierra colorada, llegaron delegaciones de distintos puntos de la provincia que, junto al resto de los espectadores, ovacionaron una y otra vez a esta entrerriana tan esperada. Es que Emilia es una de las figuras m\u00e1s destacadas y con m\u00e1s proyecci\u00f3n de la m\u00fasica pop actual. Deposit\u00f3 en el escenario misionero todo su talento, su llamativo estilo y los grandes hits que gener\u00f3 en su carrera: desde las canciones m\u00e1s populares hasta su m\u00e1s reciente \u00e1lbum \u00bfT\u00fa crees en m\u00ed?<\/p>\n\n\n\n<p class=\"wp-block-paragraph\">Con la puesta en escena, la banda en vivo y las canciones de su gran repertorio, los j\u00f3venes misioneros vivieron una experiencia inolvidable.<\/p>\n\n\n\n<p class=\"wp-block-paragraph\">Con esta convocatoria, se reafirma a Posadas como ciudad tur\u00edstica y generadora de eventos, y se recuerda el car\u00e1cter solidario e inclusivo de todas las actividades que realiza la Loter\u00eda de Misiones.<\/p>\n","protected":false},"excerpt":{"rendered":"<p>Miles de misioneros disfrutaron del multitudinario espect\u00e1culo que la popular cantante Emilia Mernes ofreci\u00f3 esta<\/p>\n","protected":false},"author":1,"featured_media":32734,"comment_status":"open","ping_status":"open","sticky":false,"template":"","format":"standard","meta":{"footnotes":""},"categories":[1,229],"tags":[],"class_list":["post-32732","post","type-post","status-publish","format-standard","has-post-thumbnail","hentry","category-actualidad","category-provinciales"],"_links":{"self":[{"href":"https:\/\/actualizateiguazu.com\/v3\/wp-json\/wp\/v2\/posts\/32732","targetHints":{"allow":["GET"]}}],"collection":[{"href":"https:\/\/actualizateiguazu.com\/v3\/wp-json\/wp\/v2\/posts"}],"about":[{"href":"https:\/\/actualizateiguazu.com\/v3\/wp-json\/wp\/v2\/types\/post"}],"author":[{"embeddable":true,"href":"https:\/\/actualizateiguazu.com\/v3\/wp-json\/wp\/v2\/users\/1"}],"replies":[{"embeddable":true,"href":"https:\/\/actualizateiguazu.com\/v3\/wp-json\/wp\/v2\/comments?post=32732"}],"version-history":[{"count":1,"href":"https:\/\/actualizateiguazu.com\/v3\/wp-json\/wp\/v2\/posts\/32732\/revisions"}],"predecessor-version":[{"id":32735,"href":"https:\/\/actualizateiguazu.com\/v3\/wp-json\/wp\/v2\/posts\/32732\/revisions\/32735"}],"wp:featuredmedia":[{"embeddable":true,"href":"https:\/\/actualizateiguazu.com\/v3\/wp-json\/wp\/v2\/media\/32734"}],"wp:attachment":[{"href":"https:\/\/actualizateiguazu.com\/v3\/wp-json\/wp\/v2\/media?parent=32732"}],"wp:term":[{"taxonomy":"category","embeddable":true,"href":"https:\/\/actualizateiguazu.com\/v3\/wp-json\/wp\/v2\/categories?post=32732"},{"taxonomy":"post_tag","embeddable":true,"href":"https:\/\/actualizateiguazu.com\/v3\/wp-json\/wp\/v2\/tags?post=32732"}],"curies":[{"name":"wp","href":"https:\/\/api.w.org\/{rel}","templated":true}]}}