{"id":32750,"date":"2022-10-29T22:45:57","date_gmt":"2022-10-30T01:45:57","guid":{"rendered":"https:\/\/actualizateiguazu.com\/v3\/?p=32750"},"modified":"2022-10-29T22:46:01","modified_gmt":"2022-10-30T01:46:01","slug":"rescataron-un-perro-por-supuesto-maltrato-animal-en-iguazu","status":"publish","type":"post","link":"https:\/\/actualizateiguazu.com\/v3\/2022\/10\/29\/rescataron-un-perro-por-supuesto-maltrato-animal-en-iguazu\/","title":{"rendered":"Rescataron un perro por supuesto maltrato animal en Iguaz\u00fa"},"content":{"rendered":"\n<p>Esta tarde en el barrio Villa Alta de esta ciudad los efectivos de la Comisar\u00eda 2da URV, colocaron en resguardo a un can, y notificaron por maltrato animal a un hombre de 49 a\u00f1os.<\/p>\n\n\n\n<p>La situaci\u00f3n fue alertada por una vecina de la zona, quien llam\u00f3 a la polic\u00eda y manifest\u00f3 los malos tratos a los que ser\u00eda sometido un can y posiblemente la muerte de otro can a manos de su vecino. Entonces, los polic\u00edas fueron al lugar y dialogaron con la joven de 20 a\u00f1os quien explic\u00f3 que un animal tendr\u00eda una herida en una de sus patas adem\u00e1s de ser sometido a malos tratos.<\/p>\n\n\n\n<figure class=\"wp-block-image size-large\"><img loading=\"lazy\" decoding=\"async\" width=\"748\" height=\"1024\" src=\"https:\/\/actualizateiguazu.com\/v3\/wp-content\/uploads\/2022\/10\/FB_IMG_1667094197610-748x1024.jpg\" alt=\"\" class=\"wp-image-32751\" srcset=\"https:\/\/actualizateiguazu.com\/v3\/wp-content\/uploads\/2022\/10\/FB_IMG_1667094197610-748x1024.jpg 748w, https:\/\/actualizateiguazu.com\/v3\/wp-content\/uploads\/2022\/10\/FB_IMG_1667094197610-219x300.jpg 219w, https:\/\/actualizateiguazu.com\/v3\/wp-content\/uploads\/2022\/10\/FB_IMG_1667094197610-768x1052.jpg 768w, https:\/\/actualizateiguazu.com\/v3\/wp-content\/uploads\/2022\/10\/FB_IMG_1667094197610.jpg 945w\" sizes=\"auto, (max-width: 748px) 100vw, 748px\" \/><\/figure>\n\n\n\n<p>Por tal raz\u00f3n, se realizaron consultas con el Juzgado de Instrucci\u00f3n N\u00b03 de Iguaz\u00fa quien orden\u00f3 el secuestro del can el cual fue puesto en resguardo de una asociaci\u00f3n protectora.<\/p>\n\n\n\n<p>En tanto, el hombre fue notificado de la causa por \u00abmaltrato animal\u00bb y en los pr\u00f3ximos d\u00edas deber\u00e1 comparecer ante la Justicia para resolver su situaci\u00f3n judicial. Cabe aclarar que no se hall\u00f3 otro can en la vivienda.<\/p>\n","protected":false},"excerpt":{"rendered":"<p>Esta tarde en el barrio Villa Alta de esta ciudad los efectivos de la Comisar\u00eda<\/p>\n","protected":false},"author":1,"featured_media":32752,"comment_status":"open","ping_status":"open","sticky":false,"template":"","format":"standard","meta":{"footnotes":""},"categories":[1,226,228],"tags":[],"class_list":["post-32750","post","type-post","status-publish","format-standard","has-post-thumbnail","hentry","category-actualidad","category-locales","category-policiales"],"_links":{"self":[{"href":"https:\/\/actualizateiguazu.com\/v3\/wp-json\/wp\/v2\/posts\/32750","targetHints":{"allow":["GET"]}}],"collection":[{"href":"https:\/\/actualizateiguazu.com\/v3\/wp-json\/wp\/v2\/posts"}],"about":[{"href":"https:\/\/actualizateiguazu.com\/v3\/wp-json\/wp\/v2\/types\/post"}],"author":[{"embeddable":true,"href":"https:\/\/actualizateiguazu.com\/v3\/wp-json\/wp\/v2\/users\/1"}],"replies":[{"embeddable":true,"href":"https:\/\/actualizateiguazu.com\/v3\/wp-json\/wp\/v2\/comments?post=32750"}],"version-history":[{"count":1,"href":"https:\/\/actualizateiguazu.com\/v3\/wp-json\/wp\/v2\/posts\/32750\/revisions"}],"predecessor-version":[{"id":32753,"href":"https:\/\/actualizateiguazu.com\/v3\/wp-json\/wp\/v2\/posts\/32750\/revisions\/32753"}],"wp:featuredmedia":[{"embeddable":true,"href":"https:\/\/actualizateiguazu.com\/v3\/wp-json\/wp\/v2\/media\/32752"}],"wp:attachment":[{"href":"https:\/\/actualizateiguazu.com\/v3\/wp-json\/wp\/v2\/media?parent=32750"}],"wp:term":[{"taxonomy":"category","embeddable":true,"href":"https:\/\/actualizateiguazu.com\/v3\/wp-json\/wp\/v2\/categories?post=32750"},{"taxonomy":"post_tag","embeddable":true,"href":"https:\/\/actualizateiguazu.com\/v3\/wp-json\/wp\/v2\/tags?post=32750"}],"curies":[{"name":"wp","href":"https:\/\/api.w.org\/{rel}","templated":true}]}}