{"id":32769,"date":"2022-10-31T11:49:37","date_gmt":"2022-10-31T14:49:37","guid":{"rendered":"https:\/\/actualizateiguazu.com\/v3\/?p=32769"},"modified":"2022-10-31T11:49:40","modified_gmt":"2022-10-31T14:49:40","slug":"mateando-llego-hasta-el-imefir-en-posadas","status":"publish","type":"post","link":"https:\/\/actualizateiguazu.com\/v3\/2022\/10\/31\/mateando-llego-hasta-el-imefir-en-posadas\/","title":{"rendered":"\u201cMateando\u201d lleg\u00f3 hasta el IMeFiR en Posadas"},"content":{"rendered":"\n<p>M\u00e1s de 150 abuelos que pertenecen a los Centros de Adultos Mayores de la Municipalidad de Posadas (CAMMP) y que desarrollan actividades en el Instituto de Medicina F\u00edsica y Rehabilitaci\u00f3n (IMeFiR), disfrutaron de una jornada de camarader\u00eda junto al equipo de este Programa del IPLyC SE. Hubo sorteos, baile, buena m\u00fasica, con la participaci\u00f3n de grupos de danza.<\/p>\n\n\n\n<figure class=\"wp-block-image size-large\"><img loading=\"lazy\" decoding=\"async\" width=\"1024\" height=\"682\" src=\"https:\/\/actualizateiguazu.com\/v3\/wp-content\/uploads\/2022\/10\/Abuelos-Imefir1-1024x682.jpeg\" alt=\"\" class=\"wp-image-32770\" srcset=\"https:\/\/actualizateiguazu.com\/v3\/wp-content\/uploads\/2022\/10\/Abuelos-Imefir1-1024x682.jpeg 1024w, https:\/\/actualizateiguazu.com\/v3\/wp-content\/uploads\/2022\/10\/Abuelos-Imefir1-300x200.jpeg 300w, https:\/\/actualizateiguazu.com\/v3\/wp-content\/uploads\/2022\/10\/Abuelos-Imefir1-768x512.jpeg 768w, https:\/\/actualizateiguazu.com\/v3\/wp-content\/uploads\/2022\/10\/Abuelos-Imefir1.jpeg 1280w\" sizes=\"auto, (max-width: 1024px) 100vw, 1024px\" \/><\/figure>\n\n\n\n<p>En la oportunidad, los integrantes de los centros \u201cCoraz\u00f3n ancestral\u201d, \u201cCielo azul\u201d, \u201cCedros\u201d, \u201cVilla Sarita\u201d, \u201cLucas Braulio Areco\u201d, \u201cRinc\u00f3n de la alegr\u00eda\u201d, \u201cRecordando el pasado\u201d, \u201cAdultos felices\u201d, \u201cPiedra libre\u201d, \u201cLas Rosas\u201d, \u201cYohas\u00e1\u201d y \u201cRa\u00edces del porvenir\u201d, estuvieron acompa\u00f1ados por el intendente de Posadas, Leonardo Stelatto; la secretaria de Salud y Desarrollo Humano, Lilian Tartaglino; la directora general de Desarrollo Humano, Rossana Medina, y el director del IMEFIR, Rodrigo Ayala. <\/p>\n\n\n\n<p>Cabe se\u00f1alar que en el IMeFiR se dictan talleres de inform\u00e1tica, decoraci\u00f3n, mu\u00f1equer\u00eda, folklore, ritmo latino, manicura y escritura creativa. Tambi\u00e9n Newcom y taller de folclore.<\/p>\n","protected":false},"excerpt":{"rendered":"<p>M\u00e1s de 150 abuelos que pertenecen a los Centros de Adultos Mayores de la Municipalidad<\/p>\n","protected":false},"author":1,"featured_media":32771,"comment_status":"open","ping_status":"open","sticky":false,"template":"","format":"standard","meta":{"footnotes":""},"categories":[1,229],"tags":[],"class_list":["post-32769","post","type-post","status-publish","format-standard","has-post-thumbnail","hentry","category-actualidad","category-provinciales"],"_links":{"self":[{"href":"https:\/\/actualizateiguazu.com\/v3\/wp-json\/wp\/v2\/posts\/32769","targetHints":{"allow":["GET"]}}],"collection":[{"href":"https:\/\/actualizateiguazu.com\/v3\/wp-json\/wp\/v2\/posts"}],"about":[{"href":"https:\/\/actualizateiguazu.com\/v3\/wp-json\/wp\/v2\/types\/post"}],"author":[{"embeddable":true,"href":"https:\/\/actualizateiguazu.com\/v3\/wp-json\/wp\/v2\/users\/1"}],"replies":[{"embeddable":true,"href":"https:\/\/actualizateiguazu.com\/v3\/wp-json\/wp\/v2\/comments?post=32769"}],"version-history":[{"count":1,"href":"https:\/\/actualizateiguazu.com\/v3\/wp-json\/wp\/v2\/posts\/32769\/revisions"}],"predecessor-version":[{"id":32772,"href":"https:\/\/actualizateiguazu.com\/v3\/wp-json\/wp\/v2\/posts\/32769\/revisions\/32772"}],"wp:featuredmedia":[{"embeddable":true,"href":"https:\/\/actualizateiguazu.com\/v3\/wp-json\/wp\/v2\/media\/32771"}],"wp:attachment":[{"href":"https:\/\/actualizateiguazu.com\/v3\/wp-json\/wp\/v2\/media?parent=32769"}],"wp:term":[{"taxonomy":"category","embeddable":true,"href":"https:\/\/actualizateiguazu.com\/v3\/wp-json\/wp\/v2\/categories?post=32769"},{"taxonomy":"post_tag","embeddable":true,"href":"https:\/\/actualizateiguazu.com\/v3\/wp-json\/wp\/v2\/tags?post=32769"}],"curies":[{"name":"wp","href":"https:\/\/api.w.org\/{rel}","templated":true}]}}