{"id":32777,"date":"2022-10-31T14:20:39","date_gmt":"2022-10-31T17:20:39","guid":{"rendered":"https:\/\/actualizateiguazu.com\/v3\/?p=32777"},"modified":"2022-10-31T14:20:41","modified_gmt":"2022-10-31T17:20:41","slug":"capturaron-a-un-conductor-que-atropello-a-una-nina-y-se-dio-a-la-fuga-en-eldorado","status":"publish","type":"post","link":"https:\/\/actualizateiguazu.com\/v3\/2022\/10\/31\/capturaron-a-un-conductor-que-atropello-a-una-nina-y-se-dio-a-la-fuga-en-eldorado\/","title":{"rendered":"Capturaron a un conductor que atropell\u00f3 a una ni\u00f1a y se dio a la fuga en Eldorado"},"content":{"rendered":"\n<p>Un hombre de 25 a\u00f1os fue detenido esta ma\u00f1ana tras un amplio operativo de b\u00fasqueda, debido a que fue captado por una c\u00e1mara de seguridad cuando pasaba en rojo un sem\u00e1foro ubicado sobre la avenida San Mart\u00edn y atropellaba a una ni\u00f1a de 5 a\u00f1os que intentaba cruzar la calzada por la senda peatonal rumbo a un establecimiento educativo.<\/p>\n\n\n\n<p>La Polic\u00eda tom\u00f3 conocimiento de lo sucedido a ra\u00edz de la denuncia de la directora del establecimiento educativo donde asiste la peque\u00f1a, quien indic\u00f3 que su alumna lleg\u00f3 y le coment\u00f3 lo sucedido, quien adem\u00e1s pose\u00eda lesiones.<\/p>\n\n\n\n<p>Los efectivos, con las im\u00e1genes de las c\u00e1maras de seguridad de la zona, visualizaron la secuencia del siniestro vial, cuando el autom\u00f3vil marca Ford Ecoesport cruzaba entre dos veh\u00edculos estacionados con en el sem\u00e1foro en rojo, y atropell\u00f3 a una nena huyendo del lugar.<\/p>\n\n\n\n<p>Desde ese momento, los agentes de diferentes dependencias realizaron investigaciones y operativos de b\u00fasqueda por dicha regi\u00f3n, fue as\u00ed que con datos aportados por testigos ubicaron el automotor sobre la calle Batalla de Obligado y detuvieron al conductor.<\/p>\n\n\n\n<p>Por orden del Juzgado de Instrucci\u00f3n N 2 de Eldorado, el detenido fue trasladado a la dependencia policial donde permanecer\u00e1 alojado, adem\u00e1s se le realizar\u00e1 el test de alcoholemia. En tanto, el rodado fue secuestrado y ser\u00e1 peritado por la Polic\u00eda Cient\u00edfica.<\/p>\n\n\n\n<p>Hay que comentar, que la ni\u00f1a fue trasladada al Hospital Samic, donde fue diagnosticada politraumatismo interno de cara con hematoma con veinte d\u00edas aproximado de curaciones.<\/p>\n","protected":false},"excerpt":{"rendered":"<p>Un hombre de 25 a\u00f1os fue detenido esta ma\u00f1ana tras un amplio operativo de b\u00fasqueda,<\/p>\n","protected":false},"author":1,"featured_media":32778,"comment_status":"open","ping_status":"open","sticky":false,"template":"","format":"standard","meta":{"footnotes":""},"categories":[1,228,229],"tags":[],"class_list":["post-32777","post","type-post","status-publish","format-standard","has-post-thumbnail","hentry","category-actualidad","category-policiales","category-provinciales"],"_links":{"self":[{"href":"https:\/\/actualizateiguazu.com\/v3\/wp-json\/wp\/v2\/posts\/32777","targetHints":{"allow":["GET"]}}],"collection":[{"href":"https:\/\/actualizateiguazu.com\/v3\/wp-json\/wp\/v2\/posts"}],"about":[{"href":"https:\/\/actualizateiguazu.com\/v3\/wp-json\/wp\/v2\/types\/post"}],"author":[{"embeddable":true,"href":"https:\/\/actualizateiguazu.com\/v3\/wp-json\/wp\/v2\/users\/1"}],"replies":[{"embeddable":true,"href":"https:\/\/actualizateiguazu.com\/v3\/wp-json\/wp\/v2\/comments?post=32777"}],"version-history":[{"count":1,"href":"https:\/\/actualizateiguazu.com\/v3\/wp-json\/wp\/v2\/posts\/32777\/revisions"}],"predecessor-version":[{"id":32779,"href":"https:\/\/actualizateiguazu.com\/v3\/wp-json\/wp\/v2\/posts\/32777\/revisions\/32779"}],"wp:featuredmedia":[{"embeddable":true,"href":"https:\/\/actualizateiguazu.com\/v3\/wp-json\/wp\/v2\/media\/32778"}],"wp:attachment":[{"href":"https:\/\/actualizateiguazu.com\/v3\/wp-json\/wp\/v2\/media?parent=32777"}],"wp:term":[{"taxonomy":"category","embeddable":true,"href":"https:\/\/actualizateiguazu.com\/v3\/wp-json\/wp\/v2\/categories?post=32777"},{"taxonomy":"post_tag","embeddable":true,"href":"https:\/\/actualizateiguazu.com\/v3\/wp-json\/wp\/v2\/tags?post=32777"}],"curies":[{"name":"wp","href":"https:\/\/api.w.org\/{rel}","templated":true}]}}