{"id":32780,"date":"2022-10-31T15:26:34","date_gmt":"2022-10-31T18:26:34","guid":{"rendered":"https:\/\/actualizateiguazu.com\/v3\/?p=32780"},"modified":"2022-10-31T15:26:37","modified_gmt":"2022-10-31T18:26:37","slug":"continuan-abiertas-las-inscripciones-para-el-traid-iguazu-run-de-la-selva","status":"publish","type":"post","link":"https:\/\/actualizateiguazu.com\/v3\/2022\/10\/31\/continuan-abiertas-las-inscripciones-para-el-traid-iguazu-run-de-la-selva\/","title":{"rendered":"Contin\u00faan abiertas las inscripciones para el Traid \u201cIguaz\u00fa Run de la Selva\u201d"},"content":{"rendered":"\n<p>Se trata de la segunda edici\u00f3n de la marat\u00f3n que propone unir deporte, salud, sustentabilidad y la posibilidad de vivir una aventura en la selva Misionera por senderos en recorridos de 5K, 10K y 21K dentro del Parque Nacional Iguaz\u00fa. Esta carrera se enmarca dentro de los festejos por el aniversario de Cataratas como Maravilla Natural, la misma se realizar\u00e1 el pr\u00f3ximo domingo 6 de noviembre. Las inscripciones estar\u00e1n abiertas hasta el 5 de noviembre.<\/p>\n\n\n\n<p>El a\u00f1o pasado, con las restricciones de la pandemia, la competencia convoc\u00f3 a m\u00e1s de mil corredores, por lo que se espera una cifra superior en esta edici\u00f3n. En esta oportunidad la largada ser\u00e1 a las 6 de la ma\u00f1ana desde el estacionamiento del Parque Nacional Iguaz\u00fa, se ha modificado el sentido de circulaci\u00f3n de los circuitos por seguridad de los corredores ya que la competencia aun estar\u00e1 activa al momento de apertura del \u00e1rea protegida para la visita a las cataratas.<\/p>\n\n\n\n<figure class=\"wp-block-image size-large\"><img loading=\"lazy\" decoding=\"async\" width=\"1024\" height=\"768\" src=\"https:\/\/actualizateiguazu.com\/v3\/wp-content\/uploads\/2022\/10\/IMG_20211107_081630739_MP-1024x768.jpg\" alt=\"\" class=\"wp-image-32782\" srcset=\"https:\/\/actualizateiguazu.com\/v3\/wp-content\/uploads\/2022\/10\/IMG_20211107_081630739_MP-1024x768.jpg 1024w, https:\/\/actualizateiguazu.com\/v3\/wp-content\/uploads\/2022\/10\/IMG_20211107_081630739_MP-300x225.jpg 300w, https:\/\/actualizateiguazu.com\/v3\/wp-content\/uploads\/2022\/10\/IMG_20211107_081630739_MP-768x576.jpg 768w, https:\/\/actualizateiguazu.com\/v3\/wp-content\/uploads\/2022\/10\/IMG_20211107_081630739_MP-1536x1152.jpg 1536w, https:\/\/actualizateiguazu.com\/v3\/wp-content\/uploads\/2022\/10\/IMG_20211107_081630739_MP-2048x1536.jpg 2048w, https:\/\/actualizateiguazu.com\/v3\/wp-content\/uploads\/2022\/10\/IMG_20211107_081630739_MP-720x540.jpg 720w\" sizes=\"auto, (max-width: 1024px) 100vw, 1024px\" \/><\/figure>\n\n\n\n<p>En esta segunda edici\u00f3n y a pedido de los corredores del a\u00f1o pasado adem\u00e1s de las categor\u00edas de mayores ser\u00e1n de 18 a 29 a\u00f1os, y a partir de los 30 a\u00f1os hasta los 59 a\u00f1os se dividir\u00e1n las categor\u00edas cada 10 a\u00f1os y mayores de 60, menores de 18 a\u00f1os, tambi\u00e9n podr\u00e1n competir una de 15 a 17 a\u00f1os, que competir\u00e1 en las distancias de 5K y 10K. Y la otra categor\u00eda de 12 a 14 que no ser\u00e1 competitiva y ser\u00e1 obligatorio el acompa\u00f1amiento del padre, de la madre o persona adulta responsable y la \u00fanica distancia de participaci\u00f3n ser\u00e1 de 5K.<\/p>\n\n\n\n<p>Esta carrera es una de las \u00fanicas que se caracteriza por ser sustentable, ya que se realiza la medici\u00f3n de la huella de carbono y se impulsa una competencia sin generaci\u00f3n de residuos. Al respecto Juan Manuel Velasco, presidente de la Fundaci\u00f3n Ecologista Verde, organizadora de la competencia, remarc\u00f3 el car\u00e1cter sustentable de la propuesta como su diferencial \u201cAdem\u00e1s de recorrer lugares \u00fanicos del Parque Nacional, los participantes van a contribuir a acciones de compensaci\u00f3n ambiental ya que es la primera carrera Carbono Cero y Basura Cero al compensar y mitigar la huella de carbono que produce est\u00e1 competencia\u201d, explic\u00f3<\/p>\n\n\n\n<figure class=\"wp-block-image size-large\"><img loading=\"lazy\" decoding=\"async\" width=\"1024\" height=\"768\" src=\"https:\/\/actualizateiguazu.com\/v3\/wp-content\/uploads\/2022\/10\/IMG_20211107_065530897_MP-1024x768.jpg\" alt=\"\" class=\"wp-image-32781\" srcset=\"https:\/\/actualizateiguazu.com\/v3\/wp-content\/uploads\/2022\/10\/IMG_20211107_065530897_MP-1024x768.jpg 1024w, https:\/\/actualizateiguazu.com\/v3\/wp-content\/uploads\/2022\/10\/IMG_20211107_065530897_MP-300x225.jpg 300w, https:\/\/actualizateiguazu.com\/v3\/wp-content\/uploads\/2022\/10\/IMG_20211107_065530897_MP-768x576.jpg 768w, https:\/\/actualizateiguazu.com\/v3\/wp-content\/uploads\/2022\/10\/IMG_20211107_065530897_MP-1536x1152.jpg 1536w, https:\/\/actualizateiguazu.com\/v3\/wp-content\/uploads\/2022\/10\/IMG_20211107_065530897_MP-2048x1536.jpg 2048w, https:\/\/actualizateiguazu.com\/v3\/wp-content\/uploads\/2022\/10\/IMG_20211107_065530897_MP-720x540.jpg 720w\" sizes=\"auto, (max-width: 1024px) 100vw, 1024px\" \/><\/figure>\n\n\n\n<p>Respecto a los premios mayores ser\u00e1n para las primeras tres corredoras y los primeros tres corredores de la clasificaci\u00f3n general de cada distancia. Tambi\u00e9n ser\u00e1n premiados las primeras y los primeros tres de cada categor\u00eda. Asimismo, se entregar\u00e1n medallas a los y las participantes que completen el circuito que se han inscripto.<\/p>\n\n\n\n<p>Quienes quieran inscribirse a Iguaz\u00fa Run de la Selva, pueden hacerlo ingresando a: <a href=\"https:\/\/iguazurun.com\/\">https:\/\/iguazurun.com\/<\/a> hasta el 5 de noviembre y deber\u00e1n retirar el kit de corredor en el hotel O2 ese s\u00e1bado de 15 a 20hs. No habr\u00e1 entrega de kits antes de la carrera.<\/p>\n","protected":false},"excerpt":{"rendered":"<p>Se trata de la segunda edici\u00f3n de la marat\u00f3n que propone unir deporte, salud, sustentabilidad<\/p>\n","protected":false},"author":1,"featured_media":32783,"comment_status":"open","ping_status":"open","sticky":false,"template":"","format":"standard","meta":{"footnotes":""},"categories":[1,223,226],"tags":[],"class_list":["post-32780","post","type-post","status-publish","format-standard","has-post-thumbnail","hentry","category-actualidad","category-deportes","category-locales"],"_links":{"self":[{"href":"https:\/\/actualizateiguazu.com\/v3\/wp-json\/wp\/v2\/posts\/32780","targetHints":{"allow":["GET"]}}],"collection":[{"href":"https:\/\/actualizateiguazu.com\/v3\/wp-json\/wp\/v2\/posts"}],"about":[{"href":"https:\/\/actualizateiguazu.com\/v3\/wp-json\/wp\/v2\/types\/post"}],"author":[{"embeddable":true,"href":"https:\/\/actualizateiguazu.com\/v3\/wp-json\/wp\/v2\/users\/1"}],"replies":[{"embeddable":true,"href":"https:\/\/actualizateiguazu.com\/v3\/wp-json\/wp\/v2\/comments?post=32780"}],"version-history":[{"count":1,"href":"https:\/\/actualizateiguazu.com\/v3\/wp-json\/wp\/v2\/posts\/32780\/revisions"}],"predecessor-version":[{"id":32784,"href":"https:\/\/actualizateiguazu.com\/v3\/wp-json\/wp\/v2\/posts\/32780\/revisions\/32784"}],"wp:featuredmedia":[{"embeddable":true,"href":"https:\/\/actualizateiguazu.com\/v3\/wp-json\/wp\/v2\/media\/32783"}],"wp:attachment":[{"href":"https:\/\/actualizateiguazu.com\/v3\/wp-json\/wp\/v2\/media?parent=32780"}],"wp:term":[{"taxonomy":"category","embeddable":true,"href":"https:\/\/actualizateiguazu.com\/v3\/wp-json\/wp\/v2\/categories?post=32780"},{"taxonomy":"post_tag","embeddable":true,"href":"https:\/\/actualizateiguazu.com\/v3\/wp-json\/wp\/v2\/tags?post=32780"}],"curies":[{"name":"wp","href":"https:\/\/api.w.org\/{rel}","templated":true}]}}