{"id":32812,"date":"2022-11-02T20:02:42","date_gmt":"2022-11-02T23:02:42","guid":{"rendered":"https:\/\/actualizateiguazu.com\/v3\/?p=32812"},"modified":"2022-11-02T20:02:45","modified_gmt":"2022-11-02T23:02:45","slug":"violencia-sin-limites-en-yvy-pora-motosierras-y-fuego","status":"publish","type":"post","link":"https:\/\/actualizateiguazu.com\/v3\/2022\/11\/02\/violencia-sin-limites-en-yvy-pora-motosierras-y-fuego\/","title":{"rendered":"Violencia sin l\u00edmites en Yvy Por\u00e3: motosierras y fuego"},"content":{"rendered":"\n<p>Los ataques se acrecientan con el correr de los d\u00edas y la inacci\u00f3n del Gobierno provincial. Las vidas de las familias de Yvy Por\u00e3 corren un serio peligro ante la violencia y crueldad de los hermanos Didolich, autoproclamados \u201cdue\u00f1os\u201d del territorio que tradicionalmente pertenece al Pueblo Mbya.<\/p>\n\n\n\n<p>Como en una pel\u00edcula de terror, ayer destrozaron con motosierras el Opy, templo central de la espiritualidad guaran\u00ed, y posteriormente prendieron fuego lo que qued\u00f3 de la construcci\u00f3n, que con mucho esfuerzo y alegr\u00eda hab\u00edan levantado con la colaboraci\u00f3n de otras Comunidades.<\/p>\n\n\n\n<p>En la horrible situaci\u00f3n quedaron envueltos los ni\u00f1os, a quienes se los escucha en el video donde qued\u00f3 registrado el acto vand\u00e1lico. No se trata solo de un da\u00f1o material sino de una herida al esp\u00edritu y cultura guaran\u00ed, que quedar\u00e1 marcada por siempre y que carga con el peso de la discriminaci\u00f3n, el odio, el racismo y la ausencia estatal.<\/p>\n\n\n\n<p>Cuando -a\u00fan siendo violentamente atacados- enfrentaron de manera pac\u00edfica a estas personas, uno de ellos se atrevi\u00f3 a robarle el celular a un miembro de la Comunidad, para evitar que pudiera registrar el hecho, y as\u00ed qued\u00f3 especificado en la denuncia radicada en la Comisar\u00eda de San Vicente: \u201cUno de ellos, el m\u00e1s joven, le sac\u00f3 de la mano su celular marca Motorola color negro y se lo rob\u00f3, y le dijo que si quer\u00eda su celular fuera retirarlo a la polic\u00eda, diciendo textualmente que no tiene miedo a ninguna autoridad\u201d.<\/p>\n\n\n\n<p>Todo esto est\u00e1 sucediendo ante los ojos de un Estado que decidi\u00f3 mirar para otro lado y darles la espalda a los Pueblos Ind\u00edgenas que habitan suelo misionero, pero a quienes se utiliza cada vez que se puede.<br>\u201cEs una tristeza muy fuerte, da bronca que la Justicia, el Gobierno, los que est\u00e1n en el poder no est\u00e1n escuchando a las Comunidades. Se tapan los ojos, no ven, no s\u00e9 por qu\u00e9. Creo que cada vez se siente m\u00e1s la discriminaci\u00f3n\u201d, expres\u00f3 uno de los l\u00edderes de la organizaci\u00f3n tradicional mbya Aty \u00d1eychyro, Mario Borjas.<\/p>\n\n\n\n<p>Y agreg\u00f3: \u201cCuando una sufre, sufrimos todas las Comunidades. Ya ven\u00edamos dici\u00e9ndole a las autoridades locales, que puedan tomar el compromiso y realizar su trabajo como corresponde, pero nunca nos escucharon. Siempre se pusieron a favor de los blancos, no tenemos ning\u00fan respaldo\u201d.<br>Sin embargo, asegur\u00f3 que \u201cestamos dispuestos a seguir luchando y lo vamos a hacer\u201d.<\/p>\n\n\n\n<p>Las denuncias ya fueron presentadas en fiscal\u00eda. No puede la Justicia seguir evitando su responsabilidad; la Comunidad Yvy Por\u00e3 sigue esperando ver si es cierto que todos son iguales frente a ella.<\/p>\n","protected":false},"excerpt":{"rendered":"<p>Los ataques se acrecientan con el correr de los d\u00edas y la inacci\u00f3n del Gobierno<\/p>\n","protected":false},"author":1,"featured_media":32813,"comment_status":"open","ping_status":"open","sticky":false,"template":"","format":"standard","meta":{"footnotes":""},"categories":[1,229],"tags":[],"class_list":["post-32812","post","type-post","status-publish","format-standard","has-post-thumbnail","hentry","category-actualidad","category-provinciales"],"_links":{"self":[{"href":"https:\/\/actualizateiguazu.com\/v3\/wp-json\/wp\/v2\/posts\/32812","targetHints":{"allow":["GET"]}}],"collection":[{"href":"https:\/\/actualizateiguazu.com\/v3\/wp-json\/wp\/v2\/posts"}],"about":[{"href":"https:\/\/actualizateiguazu.com\/v3\/wp-json\/wp\/v2\/types\/post"}],"author":[{"embeddable":true,"href":"https:\/\/actualizateiguazu.com\/v3\/wp-json\/wp\/v2\/users\/1"}],"replies":[{"embeddable":true,"href":"https:\/\/actualizateiguazu.com\/v3\/wp-json\/wp\/v2\/comments?post=32812"}],"version-history":[{"count":1,"href":"https:\/\/actualizateiguazu.com\/v3\/wp-json\/wp\/v2\/posts\/32812\/revisions"}],"predecessor-version":[{"id":32814,"href":"https:\/\/actualizateiguazu.com\/v3\/wp-json\/wp\/v2\/posts\/32812\/revisions\/32814"}],"wp:featuredmedia":[{"embeddable":true,"href":"https:\/\/actualizateiguazu.com\/v3\/wp-json\/wp\/v2\/media\/32813"}],"wp:attachment":[{"href":"https:\/\/actualizateiguazu.com\/v3\/wp-json\/wp\/v2\/media?parent=32812"}],"wp:term":[{"taxonomy":"category","embeddable":true,"href":"https:\/\/actualizateiguazu.com\/v3\/wp-json\/wp\/v2\/categories?post=32812"},{"taxonomy":"post_tag","embeddable":true,"href":"https:\/\/actualizateiguazu.com\/v3\/wp-json\/wp\/v2\/tags?post=32812"}],"curies":[{"name":"wp","href":"https:\/\/api.w.org\/{rel}","templated":true}]}}