{"id":33038,"date":"2022-11-09T14:55:53","date_gmt":"2022-11-09T17:55:53","guid":{"rendered":"https:\/\/actualizateiguazu.com\/v3\/?p=33038"},"modified":"2022-11-09T14:55:56","modified_gmt":"2022-11-09T17:55:56","slug":"desbarataron-una-banda-de-atracadores-que-robaban-camionetas-en-la-zona-norte-de-la-provincia","status":"publish","type":"post","link":"https:\/\/actualizateiguazu.com\/v3\/2022\/11\/09\/desbarataron-una-banda-de-atracadores-que-robaban-camionetas-en-la-zona-norte-de-la-provincia\/","title":{"rendered":"Desbarataron una banda de atracadores que robaban camionetas en la zona norte de la provincia"},"content":{"rendered":"\n<p>Rub\u00e9n V. de 25 a\u00f1os, Omar M. de 27 y Eduardo M. de 23, fueron detenidos acusados de integrar una banda delictiva que operaba en distintas localidades de la provincia, donde asaltaban a mano armada sustrayendo camionetas.<\/p>\n\n\n\n<p>Bas\u00e1ndose en un asalto ocurrido el pasado 5 de noviembre en la localidad de Wanda, mediante la denuncia de un hombre de 47 a\u00f1os, quien manifest\u00f3 que en el barrio <a><\/a>Piedras Preciosas, fue interceptado por dos delincuentes que a punta de pistola le robaron una camioneta marca Toyota Hilux y huyeron por la Ruta 12 en direcci\u00f3n a Puerto Esperanza.<\/p>\n\n\n\n<p>Desde ese momento, la Polic\u00eda de Misiones, realiz\u00f3 operativos cerrojos e investigaciones para recuperar el rodado y detener a los asaltantes. En ese contexto, los agentes de la Direcci\u00f3n Investigaciones Complejas, con amplias averiguaciones, identificaron a los posibles integrantes de esta red delictiva.<\/p>\n\n\n\n<p>Fue as\u00ed que, ayer por la ma\u00f1ana en un trabajo encubierto y vigilancia en la localidad de Wanda capturaron a Omar M. y Eduardo M. los mismos fueron trasladados a la Comisar\u00eda de Puerto Esperanza.<\/p>\n\n\n\n<figure class=\"wp-block-image size-large\"><img loading=\"lazy\" decoding=\"async\" width=\"1024\" height=\"576\" src=\"https:\/\/actualizateiguazu.com\/v3\/wp-content\/uploads\/2022\/11\/WhatsApp-Image-2022-11-09-at-11.30.30-AM-1024x576.jpeg\" alt=\"\" class=\"wp-image-33039\" srcset=\"https:\/\/actualizateiguazu.com\/v3\/wp-content\/uploads\/2022\/11\/WhatsApp-Image-2022-11-09-at-11.30.30-AM-1024x576.jpeg 1024w, https:\/\/actualizateiguazu.com\/v3\/wp-content\/uploads\/2022\/11\/WhatsApp-Image-2022-11-09-at-11.30.30-AM-300x169.jpeg 300w, https:\/\/actualizateiguazu.com\/v3\/wp-content\/uploads\/2022\/11\/WhatsApp-Image-2022-11-09-at-11.30.30-AM-768x432.jpeg 768w, https:\/\/actualizateiguazu.com\/v3\/wp-content\/uploads\/2022\/11\/WhatsApp-Image-2022-11-09-at-11.30.30-AM-800x450.jpeg 800w, https:\/\/actualizateiguazu.com\/v3\/wp-content\/uploads\/2022\/11\/WhatsApp-Image-2022-11-09-at-11.30.30-AM.jpeg 1080w\" sizes=\"auto, (max-width: 1024px) 100vw, 1024px\" \/><\/figure>\n\n\n\n<p>Por otro lado, las investigaciones indicaron que un tercer integrante de la banda se encontrar\u00eda en la localidad de San Pedro, quien aparentemente ser\u00eda el que hac\u00eda los trabajos de inteligencias y marcaba a sus v\u00edctimas para luego con sus c\u00f3mplices robarles los veh\u00edculos.<\/p>\n\n\n\n<p>R\u00e1pidamente, los efectivos se trasladaron a esa ciudad y cerca de las 19:30 horas de ayer, interceptaron y detuvieron al delincuente sobre ruta nacional 14, en cercan\u00edas a la localidad de Frakran.<\/p>\n\n\n\n<p>Finalmente, los detenidos fueron alojados en las dependencias policiales donde quedaron a disposici\u00f3n del Juzgado de Instrucci\u00f3n Nro. 3 de Puerto Iguaz\u00fa. Cabe mencionar, que contin\u00faan con las investigaciones para recuperar el rodado y establecer la participaci\u00f3n de otros c\u00f3mplices.<\/p>\n","protected":false},"excerpt":{"rendered":"<p>Rub\u00e9n V. de 25 a\u00f1os, Omar M. de 27 y Eduardo M. de 23, fueron<\/p>\n","protected":false},"author":1,"featured_media":33040,"comment_status":"open","ping_status":"open","sticky":false,"template":"","format":"standard","meta":{"footnotes":""},"categories":[228],"tags":[],"class_list":["post-33038","post","type-post","status-publish","format-standard","has-post-thumbnail","hentry","category-policiales"],"_links":{"self":[{"href":"https:\/\/actualizateiguazu.com\/v3\/wp-json\/wp\/v2\/posts\/33038","targetHints":{"allow":["GET"]}}],"collection":[{"href":"https:\/\/actualizateiguazu.com\/v3\/wp-json\/wp\/v2\/posts"}],"about":[{"href":"https:\/\/actualizateiguazu.com\/v3\/wp-json\/wp\/v2\/types\/post"}],"author":[{"embeddable":true,"href":"https:\/\/actualizateiguazu.com\/v3\/wp-json\/wp\/v2\/users\/1"}],"replies":[{"embeddable":true,"href":"https:\/\/actualizateiguazu.com\/v3\/wp-json\/wp\/v2\/comments?post=33038"}],"version-history":[{"count":1,"href":"https:\/\/actualizateiguazu.com\/v3\/wp-json\/wp\/v2\/posts\/33038\/revisions"}],"predecessor-version":[{"id":33041,"href":"https:\/\/actualizateiguazu.com\/v3\/wp-json\/wp\/v2\/posts\/33038\/revisions\/33041"}],"wp:featuredmedia":[{"embeddable":true,"href":"https:\/\/actualizateiguazu.com\/v3\/wp-json\/wp\/v2\/media\/33040"}],"wp:attachment":[{"href":"https:\/\/actualizateiguazu.com\/v3\/wp-json\/wp\/v2\/media?parent=33038"}],"wp:term":[{"taxonomy":"category","embeddable":true,"href":"https:\/\/actualizateiguazu.com\/v3\/wp-json\/wp\/v2\/categories?post=33038"},{"taxonomy":"post_tag","embeddable":true,"href":"https:\/\/actualizateiguazu.com\/v3\/wp-json\/wp\/v2\/tags?post=33038"}],"curies":[{"name":"wp","href":"https:\/\/api.w.org\/{rel}","templated":true}]}}