{"id":33924,"date":"2022-12-13T13:45:34","date_gmt":"2022-12-13T16:45:34","guid":{"rendered":"https:\/\/actualizateiguazu.com\/v3\/?p=33924"},"modified":"2022-12-13T13:45:36","modified_gmt":"2022-12-13T16:45:36","slug":"jovenes-mbya-apuestan-a-interiorizarse-sobre-el-poder-judicial","status":"publish","type":"post","link":"https:\/\/actualizateiguazu.com\/v3\/2022\/12\/13\/jovenes-mbya-apuestan-a-interiorizarse-sobre-el-poder-judicial\/","title":{"rendered":"J\u00f3venes Mbya apuestan a interiorizarse sobre el Poder Judicial"},"content":{"rendered":"\n<p>Los j\u00f3venes Mbya siguen aprendiendo y conociendo acerca de sus derechos, durante este \u00faltimo fin de semana largo, un gran encuentro los reuni\u00f3 en Arist\u00f3bulo del Valle, donde un grupo de 25 chicos se capacit\u00f3 sobre el Poder Judicial de la mano de la abogada Roxana Rivas.<\/p>\n\n\n\n<p>Las capacitaciones se vienen llevando adelante a lo largo de todo el a\u00f1o, y esta vez se juntaron para dar rienda suelta al aprendizaje, la curiosidad y el intercambio de saberes entre s\u00ed.<\/p>\n\n\n\n<p>Keila Ayala, una de las j\u00f3venes Mbya que particip\u00f3 de las jornadas y pertenece a la Comunidad Arandu, relat\u00f3 que llegaron el mi\u00e9rcoles 7 y lo primero que hicieron fue una ronda de presentaciones, como es parte de su cultura.<\/p>\n\n\n\n<p>\u201cAl levantarnos tambi\u00e9n siempre hacemos un peque\u00f1o Aty y preguntamos si cada uno se levant\u00f3 bien, cada uno dice c\u00f3mo se siente al despertar y algunas palabras que aportan los Karai, nos dan consejos\u201d, cont\u00f3.<\/p>\n\n\n\n<p>Aunque se profundiz\u00f3 en el Poder Judicial, tambi\u00e9n se charl\u00f3 acerca de los tres poderes del Estado y su historia.<\/p>\n\n\n\n<p>\u201cHablamos sobre un proyecto de ley que tiene Rovira y del Consejo de Ancianos Arand\u00fa y Gu\u00edas Espirituales, c\u00f3mo se form\u00f3 ese consejo ya hace a\u00f1os y para qu\u00e9. Los j\u00f3venes quedamos sorprendidos, yo no sab\u00eda de eso y es un absurdo, todo fue planeado por el Gobierno, dicen que fue a pedido de las Comunidades pero en absoluto hubo consulta sobre eso. Es una manera del Estado de controlar a las Comunidades Guaran\u00edes que habitan en Misiones\u201d, dijo.<\/p>\n\n\n\n<figure class=\"wp-block-image size-full\"><img loading=\"lazy\" decoding=\"async\" width=\"816\" height=\"459\" src=\"https:\/\/actualizateiguazu.com\/v3\/wp-content\/uploads\/2022\/12\/WhatsApp-Image-2022-12-13-at-1.19.40-PM.jpeg\" alt=\"\" class=\"wp-image-33925\" srcset=\"https:\/\/actualizateiguazu.com\/v3\/wp-content\/uploads\/2022\/12\/WhatsApp-Image-2022-12-13-at-1.19.40-PM.jpeg 816w, https:\/\/actualizateiguazu.com\/v3\/wp-content\/uploads\/2022\/12\/WhatsApp-Image-2022-12-13-at-1.19.40-PM-300x169.jpeg 300w, https:\/\/actualizateiguazu.com\/v3\/wp-content\/uploads\/2022\/12\/WhatsApp-Image-2022-12-13-at-1.19.40-PM-768x432.jpeg 768w, https:\/\/actualizateiguazu.com\/v3\/wp-content\/uploads\/2022\/12\/WhatsApp-Image-2022-12-13-at-1.19.40-PM-800x450.jpeg 800w\" sizes=\"auto, (max-width: 816px) 100vw, 816px\" \/><\/figure>\n\n\n\n<p>La joven agradeci\u00f3 el espacio para poder desplegar toda su cultura y sus costumbres, \u201cpara practicar nuestras danzas, nuestros cantos, darnos fuerzas, dar gracias a \u00d1ande Ru Ku\u00e9ry, a nuestros dioses y tambi\u00e9n por eso estamos agradecidos\u201d.<\/p>\n\n\n\n<p>\u201cEso demuestra a los j\u00f3venes que no estamos solos, siempre hay un integrante del Aty \u00d1eychyr\u00f5 que nos acompa\u00f1a, en este caso Francisco Medina, nunca nos hemos sentido solos y siempre tenemos la inspiraci\u00f3n de querer seguir adelante con estas capacitaciones\u201d, cerr\u00f3.<\/p>\n\n\n\n<p>Por su parte, Aixa Ramos y de nombre espiritual Para Mir\u012b, perteneciente a la Comunidad Pozo Azul 1, dijo: \u201cCuando tuvimos la oportunidad de charlar con la abogada estuve entusiasmada por todo lo que nos dijo sobre el Poder Judicial, derecho penal, de familia, civil, comercial, laboral, administrativo. Aunque no se me quedaron algunas cosas, reci\u00e9n est\u00e1 creciendo mi ra\u00edz, porque yo pensaba que los diferentes problemas se resolv\u00edan en el mismo lugar\u201d.&nbsp;<\/p>\n\n\n\n<p>Wilian Ayala, de la Comunidad Azul, asegur\u00f3 que \u201ces una herramienta muy importante para nosotros y para las Comunidades que habitamos en la provincia de Misiones. Fue muy lindo conocer a los j\u00f3venes que est\u00e1n interesados en saber los derechos que tenemos y que est\u00e1n dispuestos a luchar por lo que es nuestro\u201d.<\/p>\n\n\n\n<p>Adem\u00e1s reflexion\u00f3 que es una pr\u00e1ctica de convivencia entre j\u00f3venes y que mutuamente se dan fuerzas para continuar en el camino del aprendizaje, aunque muchas veces atraviesen dificultades como el idioma o incluso para llegar al lugar del encuentro.<\/p>\n\n\n\n<p>\u201cSiempre est\u00e1n muy atentos\u201d<\/p>\n\n\n\n<p>Roxana, la abogada que estuvo a cargo de la capacitaci\u00f3n expres\u00f3 que \u201ces un placer y un privilegio compartir con ellos ese espacio, que adem\u00e1s de ser de profundo respeto es de aprendizaje mutuo\u201d.<\/p>\n\n\n\n<p>\u201cSon j\u00f3venes que siempre est\u00e1n muy atentos, tienen preguntas, inquietudes muy puntuales, que tienen que ver con sus experiencias comunitarias y las vinculadas con el encuentro con nuestra cultura jurua\u201d, agreg\u00f3.<\/p>\n\n\n\n<p>Coment\u00f3 adem\u00e1s que el encuentro sirvi\u00f3 para repensar el rol del Poder Judicial y su accionar a la hora de impartir justicia.<\/p>\n\n\n\n<p>Finalmente, destac\u00f3 el aprendizaje colectivo que se da en este tipo de encuentros, el valor del tiempo de escuchar a quien est\u00e9 hablando y despu\u00e9s traducirlo al castellano o al Mbya, dependiendo el caso.<\/p>\n\n\n\n<p>\u201cSi alguno de sus compa\u00f1eros no pudo captar porque le cuesta el idioma siempre hay uno que est\u00e1 dispuesto a ayudar y eso se nota mucho y es una forma muy linda de aprender, es un espacio de circulaci\u00f3n del conocimiento m\u00e1s que de exposici\u00f3n, que es lo t\u00edpico de nuestras aulas\u201d, concluy\u00f3 Roxana.<\/p>\n","protected":false},"excerpt":{"rendered":"<p>Los j\u00f3venes Mbya siguen aprendiendo y conociendo acerca de sus derechos, durante este \u00faltimo fin<\/p>\n","protected":false},"author":1,"featured_media":33926,"comment_status":"open","ping_status":"open","sticky":false,"template":"","format":"standard","meta":{"footnotes":""},"categories":[1,229],"tags":[],"class_list":["post-33924","post","type-post","status-publish","format-standard","has-post-thumbnail","hentry","category-actualidad","category-provinciales"],"_links":{"self":[{"href":"https:\/\/actualizateiguazu.com\/v3\/wp-json\/wp\/v2\/posts\/33924","targetHints":{"allow":["GET"]}}],"collection":[{"href":"https:\/\/actualizateiguazu.com\/v3\/wp-json\/wp\/v2\/posts"}],"about":[{"href":"https:\/\/actualizateiguazu.com\/v3\/wp-json\/wp\/v2\/types\/post"}],"author":[{"embeddable":true,"href":"https:\/\/actualizateiguazu.com\/v3\/wp-json\/wp\/v2\/users\/1"}],"replies":[{"embeddable":true,"href":"https:\/\/actualizateiguazu.com\/v3\/wp-json\/wp\/v2\/comments?post=33924"}],"version-history":[{"count":1,"href":"https:\/\/actualizateiguazu.com\/v3\/wp-json\/wp\/v2\/posts\/33924\/revisions"}],"predecessor-version":[{"id":33927,"href":"https:\/\/actualizateiguazu.com\/v3\/wp-json\/wp\/v2\/posts\/33924\/revisions\/33927"}],"wp:featuredmedia":[{"embeddable":true,"href":"https:\/\/actualizateiguazu.com\/v3\/wp-json\/wp\/v2\/media\/33926"}],"wp:attachment":[{"href":"https:\/\/actualizateiguazu.com\/v3\/wp-json\/wp\/v2\/media?parent=33924"}],"wp:term":[{"taxonomy":"category","embeddable":true,"href":"https:\/\/actualizateiguazu.com\/v3\/wp-json\/wp\/v2\/categories?post=33924"},{"taxonomy":"post_tag","embeddable":true,"href":"https:\/\/actualizateiguazu.com\/v3\/wp-json\/wp\/v2\/tags?post=33924"}],"curies":[{"name":"wp","href":"https:\/\/api.w.org\/{rel}","templated":true}]}}