{"id":33934,"date":"2022-12-14T09:02:59","date_gmt":"2022-12-14T12:02:59","guid":{"rendered":"https:\/\/actualizateiguazu.com\/v3\/?p=33934"},"modified":"2022-12-14T09:03:01","modified_gmt":"2022-12-14T12:03:01","slug":"la-recuperacion-total-del-rubro-comercial-de-iguazu-no-se-concreto-por-la-inflacion","status":"publish","type":"post","link":"https:\/\/actualizateiguazu.com\/v3\/2022\/12\/14\/la-recuperacion-total-del-rubro-comercial-de-iguazu-no-se-concreto-por-la-inflacion\/","title":{"rendered":"La recuperaci\u00f3n total del rubro comercial de Iguaz\u00fa no se concret\u00f3 por la inflaci\u00f3n"},"content":{"rendered":"\n<p>Comerciantes de Puerto Iguaz\u00fa pronosticaban una recuperaci\u00f3n total del rubro para fines del primer semestre de este a\u00f1o, despu\u00e9s de la pronunciada crisis por el cierre total durante la pandemia. Sin embargo, esto no fue posible. Es por ello que extendieron las expectativas hacia fin del 2.022, pero la meta tampoco se cumpli\u00f3 ya que los \u00edndices inflacionarios no permiten que los comerciantes logren obtener ganancias necesarias para terminar de cumplir con los compromisos adquiridos para sostenerse durante la crisis.<\/p>\n\n\n\n<p>Desde la C\u00e1mara de Comercio de Puerto Iguaz\u00fa, han manifestado en diferentes oportunidades que el objetivo era la recuperaci\u00f3n total del rubro para comenzar el 2.023 planificando inversiones ya que los propietarios lograr\u00edan pagar todos los cr\u00e9ditos adquiridos durante la pandemia para sostenerse, sin embargo, esto no fue posible por la inflaci\u00f3n y por las limitaciones que impone la lentitud de ingreso en la zona de frontera.<\/p>\n\n\n\n<p>\u201cHay rubros, como la gastronom\u00eda y las vinotecas que han logrado la recuperaci\u00f3n total. Sin embargo, los dem\u00e1s no, primero por la inflaci\u00f3n, la mercader\u00eda se encarece a diario y todos tratan de aguantar los precios para no perder ventas, pero eso significa menores ganancias adem\u00e1s del hecho que es posible que en algunas ocasiones cuesta la reposici\u00f3n\u201d manifest\u00f3 Joaqu\u00edn Barreto<\/p>\n\n\n\n<figure class=\"wp-block-image size-large\"><img loading=\"lazy\" decoding=\"async\" width=\"1024\" height=\"576\" src=\"https:\/\/actualizateiguazu.com\/v3\/wp-content\/uploads\/2022\/12\/IMG_20221125_192931397-1-1024x576.jpg\" alt=\"\" class=\"wp-image-33936\" srcset=\"https:\/\/actualizateiguazu.com\/v3\/wp-content\/uploads\/2022\/12\/IMG_20221125_192931397-1-1024x576.jpg 1024w, https:\/\/actualizateiguazu.com\/v3\/wp-content\/uploads\/2022\/12\/IMG_20221125_192931397-1-300x169.jpg 300w, https:\/\/actualizateiguazu.com\/v3\/wp-content\/uploads\/2022\/12\/IMG_20221125_192931397-1-768x432.jpg 768w, https:\/\/actualizateiguazu.com\/v3\/wp-content\/uploads\/2022\/12\/IMG_20221125_192931397-1-1536x864.jpg 1536w, https:\/\/actualizateiguazu.com\/v3\/wp-content\/uploads\/2022\/12\/IMG_20221125_192931397-1-2048x1152.jpg 2048w, https:\/\/actualizateiguazu.com\/v3\/wp-content\/uploads\/2022\/12\/IMG_20221125_192931397-1-800x450.jpg 800w\" sizes=\"auto, (max-width: 1024px) 100vw, 1024px\" \/><\/figure>\n\n\n\n<p>Respecto al impacto econ\u00f3mico que genera la lentitud al momento del ingreso en la zona de frontera Barreto explico \u201ces una l\u00e1stima porque el comercio podr\u00eda aprovechar las asimetr\u00edas que actualmente nos conviene. Hemos presentado un estudio como nos pidieron y no se hizo nada\u201d y agreg\u00f3 \u201cHicieron casillas, pero una al lado de la otra que no agiliza el ingreso. Las demoras son las mismas y en vacaciones las quejas se multiplicar\u00e1n y las pedidas tambi\u00e9n\u201d<\/p>\n\n\n\n<p>Por su parte los comerciantes indicaron que las ventas vienen en decadencia en las \u00faltimas semanas \u201csabemos que es el \u00faltimo mes del a\u00f1o y siempre las ventas bajan, pero no sabemos c\u00f3mo ser\u00e1n las compras de fin de a\u00f1o, porque est\u00e1 todo muy caro. Hoy reponer mercader\u00eda es complica. Hay mercados que ya no compran ciertas marcas y hay productos que tienen muy buena rotaci\u00f3n que no se consiguen o que dejamos de comprar porque cada pedido el costo es mayor al que vendimos\u201d explico Roberto B\u00e1ez propietario de un mercado.<\/p>\n\n\n\n<figure class=\"wp-block-image size-large\"><img loading=\"lazy\" decoding=\"async\" width=\"1024\" height=\"768\" src=\"https:\/\/actualizateiguazu.com\/v3\/wp-content\/uploads\/2022\/12\/IMG_20211211_120410948-1024x768.jpg\" alt=\"\" class=\"wp-image-33850\" srcset=\"https:\/\/actualizateiguazu.com\/v3\/wp-content\/uploads\/2022\/12\/IMG_20211211_120410948-1024x768.jpg 1024w, https:\/\/actualizateiguazu.com\/v3\/wp-content\/uploads\/2022\/12\/IMG_20211211_120410948-300x225.jpg 300w, https:\/\/actualizateiguazu.com\/v3\/wp-content\/uploads\/2022\/12\/IMG_20211211_120410948-768x576.jpg 768w, https:\/\/actualizateiguazu.com\/v3\/wp-content\/uploads\/2022\/12\/IMG_20211211_120410948-1536x1152.jpg 1536w, https:\/\/actualizateiguazu.com\/v3\/wp-content\/uploads\/2022\/12\/IMG_20211211_120410948-2048x1536.jpg 2048w, https:\/\/actualizateiguazu.com\/v3\/wp-content\/uploads\/2022\/12\/IMG_20211211_120410948-720x540.jpg 720w\" sizes=\"auto, (max-width: 1024px) 100vw, 1024px\" \/><\/figure>\n\n\n\n<p>En lo que respecta al rubro indumentaria, la mayor\u00eda de los propietarios han surtido sus locales para las fiestas teniendo en cuenta que es un mes de buenas ventas, no obstante, notaron que el movimiento no se ha incrementado en los \u00faltimos d\u00edas, adem\u00e1s de las quejas de los clientes acerca del incremento en los costos de la ropa.<\/p>\n","protected":false},"excerpt":{"rendered":"<p>Comerciantes de Puerto Iguaz\u00fa pronosticaban una recuperaci\u00f3n total del rubro para fines del primer semestre<\/p>\n","protected":false},"author":1,"featured_media":33937,"comment_status":"open","ping_status":"open","sticky":false,"template":"","format":"standard","meta":{"footnotes":""},"categories":[1,226],"tags":[],"class_list":["post-33934","post","type-post","status-publish","format-standard","has-post-thumbnail","hentry","category-actualidad","category-locales"],"_links":{"self":[{"href":"https:\/\/actualizateiguazu.com\/v3\/wp-json\/wp\/v2\/posts\/33934","targetHints":{"allow":["GET"]}}],"collection":[{"href":"https:\/\/actualizateiguazu.com\/v3\/wp-json\/wp\/v2\/posts"}],"about":[{"href":"https:\/\/actualizateiguazu.com\/v3\/wp-json\/wp\/v2\/types\/post"}],"author":[{"embeddable":true,"href":"https:\/\/actualizateiguazu.com\/v3\/wp-json\/wp\/v2\/users\/1"}],"replies":[{"embeddable":true,"href":"https:\/\/actualizateiguazu.com\/v3\/wp-json\/wp\/v2\/comments?post=33934"}],"version-history":[{"count":1,"href":"https:\/\/actualizateiguazu.com\/v3\/wp-json\/wp\/v2\/posts\/33934\/revisions"}],"predecessor-version":[{"id":33938,"href":"https:\/\/actualizateiguazu.com\/v3\/wp-json\/wp\/v2\/posts\/33934\/revisions\/33938"}],"wp:featuredmedia":[{"embeddable":true,"href":"https:\/\/actualizateiguazu.com\/v3\/wp-json\/wp\/v2\/media\/33937"}],"wp:attachment":[{"href":"https:\/\/actualizateiguazu.com\/v3\/wp-json\/wp\/v2\/media?parent=33934"}],"wp:term":[{"taxonomy":"category","embeddable":true,"href":"https:\/\/actualizateiguazu.com\/v3\/wp-json\/wp\/v2\/categories?post=33934"},{"taxonomy":"post_tag","embeddable":true,"href":"https:\/\/actualizateiguazu.com\/v3\/wp-json\/wp\/v2\/tags?post=33934"}],"curies":[{"name":"wp","href":"https:\/\/api.w.org\/{rel}","templated":true}]}}