{"id":33945,"date":"2022-12-14T10:56:26","date_gmt":"2022-12-14T13:56:26","guid":{"rendered":"https:\/\/actualizateiguazu.com\/v3\/?p=33945"},"modified":"2022-12-14T10:56:28","modified_gmt":"2022-12-14T13:56:28","slug":"cerca-de-70-camaras-de-seguridad-son-instaladas-en-puerto-iguazu","status":"publish","type":"post","link":"https:\/\/actualizateiguazu.com\/v3\/2022\/12\/14\/cerca-de-70-camaras-de-seguridad-son-instaladas-en-puerto-iguazu\/","title":{"rendered":"Cerca de 70 c\u00e1maras de seguridad son instaladas en Puerto Iguaz\u00fa"},"content":{"rendered":"\n<p>Esta semana comenz\u00f3 la instalaci\u00f3n de las c\u00e1maras de seguridad anunciadas por el Gobernador Oscar Herrera Ahuad en el marco de la licitaci\u00f3n de las obras de cuadras de asfalto y obras de saneamiento del arroyo Ramon Ayala. Se trata de unas 70 c\u00e1maras de seguridad que son instaladas en zonas detectadas como complicadas y ser\u00e1n monitoreadas por la Polic\u00eda de Misiones.<\/p>\n\n\n\n<figure class=\"wp-block-image size-large\"><img loading=\"lazy\" decoding=\"async\" width=\"1024\" height=\"576\" src=\"https:\/\/actualizateiguazu.com\/v3\/wp-content\/uploads\/2022\/12\/WhatsApp-Image-2022-12-14-at-10.53.12-AM-1024x576.jpeg\" alt=\"\" class=\"wp-image-33946\" srcset=\"https:\/\/actualizateiguazu.com\/v3\/wp-content\/uploads\/2022\/12\/WhatsApp-Image-2022-12-14-at-10.53.12-AM-1024x576.jpeg 1024w, https:\/\/actualizateiguazu.com\/v3\/wp-content\/uploads\/2022\/12\/WhatsApp-Image-2022-12-14-at-10.53.12-AM-300x169.jpeg 300w, https:\/\/actualizateiguazu.com\/v3\/wp-content\/uploads\/2022\/12\/WhatsApp-Image-2022-12-14-at-10.53.12-AM-768x432.jpeg 768w, https:\/\/actualizateiguazu.com\/v3\/wp-content\/uploads\/2022\/12\/WhatsApp-Image-2022-12-14-at-10.53.12-AM-1536x864.jpeg 1536w, https:\/\/actualizateiguazu.com\/v3\/wp-content\/uploads\/2022\/12\/WhatsApp-Image-2022-12-14-at-10.53.12-AM-800x450.jpeg 800w, https:\/\/actualizateiguazu.com\/v3\/wp-content\/uploads\/2022\/12\/WhatsApp-Image-2022-12-14-at-10.53.12-AM.jpeg 1600w\" sizes=\"auto, (max-width: 1024px) 100vw, 1024px\" \/><\/figure>\n\n\n\n<p>La inversi\u00f3n se da a ra\u00edz de un pedido del Honorable Concejo Deliberante al gobierno provincial, no obstante, este \u00faltimo ya hab\u00eda gestionado ante el gobierno nacional el financiamiento para comenzar a implementar este sistema de monitoreo que llega para prevenir y resolver delitos. Las c\u00e1maras estar\u00e1n ubicadas en la rotonda de acceso, zona centro, avenida Costanera y puntos detectados como zonas conflictivas de delito.<\/p>\n\n\n\n<figure class=\"wp-block-image size-large\"><img loading=\"lazy\" decoding=\"async\" width=\"1024\" height=\"576\" src=\"https:\/\/actualizateiguazu.com\/v3\/wp-content\/uploads\/2022\/12\/WhatsApp-Image-2022-12-14-at-10.53.11-AM-1024x576.jpeg\" alt=\"\" class=\"wp-image-33947\" srcset=\"https:\/\/actualizateiguazu.com\/v3\/wp-content\/uploads\/2022\/12\/WhatsApp-Image-2022-12-14-at-10.53.11-AM-1024x576.jpeg 1024w, https:\/\/actualizateiguazu.com\/v3\/wp-content\/uploads\/2022\/12\/WhatsApp-Image-2022-12-14-at-10.53.11-AM-300x169.jpeg 300w, https:\/\/actualizateiguazu.com\/v3\/wp-content\/uploads\/2022\/12\/WhatsApp-Image-2022-12-14-at-10.53.11-AM-768x432.jpeg 768w, https:\/\/actualizateiguazu.com\/v3\/wp-content\/uploads\/2022\/12\/WhatsApp-Image-2022-12-14-at-10.53.11-AM-1536x864.jpeg 1536w, https:\/\/actualizateiguazu.com\/v3\/wp-content\/uploads\/2022\/12\/WhatsApp-Image-2022-12-14-at-10.53.11-AM-800x450.jpeg 800w, https:\/\/actualizateiguazu.com\/v3\/wp-content\/uploads\/2022\/12\/WhatsApp-Image-2022-12-14-at-10.53.11-AM.jpeg 1600w\" sizes=\"auto, (max-width: 1024px) 100vw, 1024px\" \/><\/figure>\n\n\n\n<p>Las c\u00e1maras de seguridad son un reclamo de la comunidad hace varios a\u00f1os y se cree que est\u00e1n podr\u00edan ayudar a evitar y identificar a las personas que constantemente ejecutan actos de vandalismo destruyendo los bienes p\u00fablicos. Los dispositivos est\u00e1n en etapa de instalaci\u00f3n y aun no se estima cuando estar\u00edan a disposici\u00f3n de la fuerza provincial, pero se espera que en los pr\u00f3ximos d\u00edas el centro de monitoreo este a disposici\u00f3n de la comunidad.<\/p>\n","protected":false},"excerpt":{"rendered":"<p>Esta semana comenz\u00f3 la instalaci\u00f3n de las c\u00e1maras de seguridad anunciadas por el Gobernador Oscar<\/p>\n","protected":false},"author":1,"featured_media":33948,"comment_status":"open","ping_status":"open","sticky":false,"template":"","format":"standard","meta":{"footnotes":""},"categories":[1,226],"tags":[],"class_list":["post-33945","post","type-post","status-publish","format-standard","has-post-thumbnail","hentry","category-actualidad","category-locales"],"_links":{"self":[{"href":"https:\/\/actualizateiguazu.com\/v3\/wp-json\/wp\/v2\/posts\/33945","targetHints":{"allow":["GET"]}}],"collection":[{"href":"https:\/\/actualizateiguazu.com\/v3\/wp-json\/wp\/v2\/posts"}],"about":[{"href":"https:\/\/actualizateiguazu.com\/v3\/wp-json\/wp\/v2\/types\/post"}],"author":[{"embeddable":true,"href":"https:\/\/actualizateiguazu.com\/v3\/wp-json\/wp\/v2\/users\/1"}],"replies":[{"embeddable":true,"href":"https:\/\/actualizateiguazu.com\/v3\/wp-json\/wp\/v2\/comments?post=33945"}],"version-history":[{"count":1,"href":"https:\/\/actualizateiguazu.com\/v3\/wp-json\/wp\/v2\/posts\/33945\/revisions"}],"predecessor-version":[{"id":33949,"href":"https:\/\/actualizateiguazu.com\/v3\/wp-json\/wp\/v2\/posts\/33945\/revisions\/33949"}],"wp:featuredmedia":[{"embeddable":true,"href":"https:\/\/actualizateiguazu.com\/v3\/wp-json\/wp\/v2\/media\/33948"}],"wp:attachment":[{"href":"https:\/\/actualizateiguazu.com\/v3\/wp-json\/wp\/v2\/media?parent=33945"}],"wp:term":[{"taxonomy":"category","embeddable":true,"href":"https:\/\/actualizateiguazu.com\/v3\/wp-json\/wp\/v2\/categories?post=33945"},{"taxonomy":"post_tag","embeddable":true,"href":"https:\/\/actualizateiguazu.com\/v3\/wp-json\/wp\/v2\/tags?post=33945"}],"curies":[{"name":"wp","href":"https:\/\/api.w.org\/{rel}","templated":true}]}}