{"id":33957,"date":"2022-12-15T10:51:40","date_gmt":"2022-12-15T13:51:40","guid":{"rendered":"https:\/\/actualizateiguazu.com\/v3\/?p=33957"},"modified":"2022-12-15T10:51:42","modified_gmt":"2022-12-15T13:51:42","slug":"las-nuevas-lineas-electricas-en-itaembe-mini-beneficiaran-a-mas-de-30-mil-usuarios","status":"publish","type":"post","link":"https:\/\/actualizateiguazu.com\/v3\/2022\/12\/15\/las-nuevas-lineas-electricas-en-itaembe-mini-beneficiaran-a-mas-de-30-mil-usuarios\/","title":{"rendered":"Las nuevas l\u00edneas el\u00e9ctricas en Itaemb\u00e9 Min\u00ed, beneficiar\u00e1n a m\u00e1s de 30 mil usuarios"},"content":{"rendered":"\n<p>Se trata de la puesta en funcionamiento de 3 nuevos alimentadores en 13,2 KV en la estaci\u00f3n transformadora \u201cItaemb\u00e9 Min\u00ed\u201d. El nuevo tendido el\u00e9ctrico, tendr\u00e1 una longitud de m\u00e1s de 10 KM y estar\u00e1 ubicado sobre la Av. Quaranta, las Calles 139, 137, 182 y Av.147<\/p>\n\n\n\n<p>Esta obra, que consta de tres etapas, la primera ya finalizada, permiti\u00f3 aumentar en un 30 % (26 MW) la potencia disponible en la Estaci\u00f3n Transformadora \u201cItaemb\u00e9 Min\u00ed\u201d. Dichos trabajos demandar\u00e1n una inversi\u00f3n total de aproximadamente 80 millones de pesos, que ser\u00e1n abonados en su totalidad con fondos provinciales.<\/p>\n\n\n\n<figure class=\"wp-block-image size-large\"><img loading=\"lazy\" decoding=\"async\" width=\"1024\" height=\"576\" src=\"https:\/\/actualizateiguazu.com\/v3\/wp-content\/uploads\/2022\/12\/Nuevas-lineas-para-Itaembe-Mini-1-1024x576.jpeg\" alt=\"\" class=\"wp-image-33958\" srcset=\"https:\/\/actualizateiguazu.com\/v3\/wp-content\/uploads\/2022\/12\/Nuevas-lineas-para-Itaembe-Mini-1-1024x576.jpeg 1024w, https:\/\/actualizateiguazu.com\/v3\/wp-content\/uploads\/2022\/12\/Nuevas-lineas-para-Itaembe-Mini-1-300x169.jpeg 300w, https:\/\/actualizateiguazu.com\/v3\/wp-content\/uploads\/2022\/12\/Nuevas-lineas-para-Itaembe-Mini-1-768x432.jpeg 768w, https:\/\/actualizateiguazu.com\/v3\/wp-content\/uploads\/2022\/12\/Nuevas-lineas-para-Itaembe-Mini-1-1536x864.jpeg 1536w, https:\/\/actualizateiguazu.com\/v3\/wp-content\/uploads\/2022\/12\/Nuevas-lineas-para-Itaembe-Mini-1-800x450.jpeg 800w, https:\/\/actualizateiguazu.com\/v3\/wp-content\/uploads\/2022\/12\/Nuevas-lineas-para-Itaembe-Mini-1.jpeg 1600w\" sizes=\"auto, (max-width: 1024px) 100vw, 1024px\" \/><\/figure>\n\n\n\n<p>Adem\u00e1s, en Itaemb\u00e9 Min\u00ed, se continua con la \u00faltima etapa de instalaci\u00f3n del nuevo transformador de 44 MVA (con un costo de m\u00e1s de 250 millones de pesos) que sumado al recientemente inaugurado por el Gobernador Dr. Oscar Herrera en Itaemb\u00e9 Guaz\u00fa, permitir\u00e1 concluir el programa de repotenciaci\u00f3n y optimizaci\u00f3n del anillo Oeste de la Zona Metropolitana de la Ciudad de Posadas, garantizando as\u00ed un servicio de calidad para los pr\u00f3ximos a\u00f1os.<\/p>\n\n\n\n<p>Respecto a dichos trabajos la Presidente de Energ\u00eda de Misiones, Dra. Virginia Kluka destac\u00f3 \u201cVenimos realizando un gran esfuerzo junto al Gobierno de la Provincia para solventar estas inversiones con fondos propios y nos enorgullece estar a un paso de concluir obras que beneficiar\u00e1n a miles de usuarios\u201d. \u201cTanto Itaemb\u00e9 Min\u00ed, como Itaemb\u00e9 Guaz\u00fa\u201d podr\u00e1n contar un servicio de calidad y adem\u00e1s tendr\u00e1n la infraestructura energ\u00e9tica necesaria para continuar su crecimiento\u201d.<\/p>\n","protected":false},"excerpt":{"rendered":"<p>Se trata de la puesta en funcionamiento de 3 nuevos alimentadores en 13,2 KV en<\/p>\n","protected":false},"author":1,"featured_media":33959,"comment_status":"open","ping_status":"open","sticky":false,"template":"","format":"standard","meta":{"footnotes":""},"categories":[1,229],"tags":[],"class_list":["post-33957","post","type-post","status-publish","format-standard","has-post-thumbnail","hentry","category-actualidad","category-provinciales"],"_links":{"self":[{"href":"https:\/\/actualizateiguazu.com\/v3\/wp-json\/wp\/v2\/posts\/33957","targetHints":{"allow":["GET"]}}],"collection":[{"href":"https:\/\/actualizateiguazu.com\/v3\/wp-json\/wp\/v2\/posts"}],"about":[{"href":"https:\/\/actualizateiguazu.com\/v3\/wp-json\/wp\/v2\/types\/post"}],"author":[{"embeddable":true,"href":"https:\/\/actualizateiguazu.com\/v3\/wp-json\/wp\/v2\/users\/1"}],"replies":[{"embeddable":true,"href":"https:\/\/actualizateiguazu.com\/v3\/wp-json\/wp\/v2\/comments?post=33957"}],"version-history":[{"count":1,"href":"https:\/\/actualizateiguazu.com\/v3\/wp-json\/wp\/v2\/posts\/33957\/revisions"}],"predecessor-version":[{"id":33960,"href":"https:\/\/actualizateiguazu.com\/v3\/wp-json\/wp\/v2\/posts\/33957\/revisions\/33960"}],"wp:featuredmedia":[{"embeddable":true,"href":"https:\/\/actualizateiguazu.com\/v3\/wp-json\/wp\/v2\/media\/33959"}],"wp:attachment":[{"href":"https:\/\/actualizateiguazu.com\/v3\/wp-json\/wp\/v2\/media?parent=33957"}],"wp:term":[{"taxonomy":"category","embeddable":true,"href":"https:\/\/actualizateiguazu.com\/v3\/wp-json\/wp\/v2\/categories?post=33957"},{"taxonomy":"post_tag","embeddable":true,"href":"https:\/\/actualizateiguazu.com\/v3\/wp-json\/wp\/v2\/tags?post=33957"}],"curies":[{"name":"wp","href":"https:\/\/api.w.org\/{rel}","templated":true}]}}