{"id":33968,"date":"2022-12-15T19:03:09","date_gmt":"2022-12-15T22:03:09","guid":{"rendered":"https:\/\/actualizateiguazu.com\/v3\/?p=33968"},"modified":"2022-12-15T19:03:11","modified_gmt":"2022-12-15T22:03:11","slug":"abandonaron-a-una-beba-recien-nacida-frente-a-una-vivienda-de-obera","status":"publish","type":"post","link":"https:\/\/actualizateiguazu.com\/v3\/2022\/12\/15\/abandonaron-a-una-beba-recien-nacida-frente-a-una-vivienda-de-obera\/","title":{"rendered":"Abandonaron a una beba reci\u00e9n nacida frente a una vivienda de Ober\u00e1"},"content":{"rendered":"\n<p>Los efectivos policiales fueron alertados por un vecino del hecho, al llegar al lugar asistieron y trasladaron de forma urgente al Hospital Samic de esa localidad, la peque\u00f1a hab\u00eda nacido horas antes.<\/p>\n\n\n\n<p>Cerca de las 5 horas de esta madrugada, un hombre de 33 a\u00f1os encontr\u00f3 a un bebe abandonado frente a su vivienda ubicada en el barrio San Miguel de la ciudad de Ober\u00e1.<\/p>\n\n\n\n<p>R\u00e1pidamente, dio aviso a los agentes, quienes acudieron hasta all\u00ed y constataron de que se trataba de un bebe de sexo femenino con caracter\u00edsticas de haber nacido horas antes.<\/p>\n\n\n\n<p>Seguidamente, trasladaron a la peque\u00f1a hasta el nosocomio, donde fue atendida por m\u00e9dicos neonatales, y se encuentra internada estable en una incubadora.<\/p>\n\n\n\n<p>Hay que mencionar, que por estas horas la Polic\u00eda junto a la Direcci\u00f3n de la Ni\u00f1ez de esa ciudad, efect\u00faan amplias investigaciones para identificar y dar con los familiares de la ni\u00f1a.<\/p>\n","protected":false},"excerpt":{"rendered":"<p>Los efectivos policiales fueron alertados por un vecino del hecho, al llegar al lugar asistieron<\/p>\n","protected":false},"author":1,"featured_media":33969,"comment_status":"open","ping_status":"open","sticky":false,"template":"","format":"standard","meta":{"footnotes":""},"categories":[1,228,229],"tags":[],"class_list":["post-33968","post","type-post","status-publish","format-standard","has-post-thumbnail","hentry","category-actualidad","category-policiales","category-provinciales"],"_links":{"self":[{"href":"https:\/\/actualizateiguazu.com\/v3\/wp-json\/wp\/v2\/posts\/33968","targetHints":{"allow":["GET"]}}],"collection":[{"href":"https:\/\/actualizateiguazu.com\/v3\/wp-json\/wp\/v2\/posts"}],"about":[{"href":"https:\/\/actualizateiguazu.com\/v3\/wp-json\/wp\/v2\/types\/post"}],"author":[{"embeddable":true,"href":"https:\/\/actualizateiguazu.com\/v3\/wp-json\/wp\/v2\/users\/1"}],"replies":[{"embeddable":true,"href":"https:\/\/actualizateiguazu.com\/v3\/wp-json\/wp\/v2\/comments?post=33968"}],"version-history":[{"count":1,"href":"https:\/\/actualizateiguazu.com\/v3\/wp-json\/wp\/v2\/posts\/33968\/revisions"}],"predecessor-version":[{"id":33970,"href":"https:\/\/actualizateiguazu.com\/v3\/wp-json\/wp\/v2\/posts\/33968\/revisions\/33970"}],"wp:featuredmedia":[{"embeddable":true,"href":"https:\/\/actualizateiguazu.com\/v3\/wp-json\/wp\/v2\/media\/33969"}],"wp:attachment":[{"href":"https:\/\/actualizateiguazu.com\/v3\/wp-json\/wp\/v2\/media?parent=33968"}],"wp:term":[{"taxonomy":"category","embeddable":true,"href":"https:\/\/actualizateiguazu.com\/v3\/wp-json\/wp\/v2\/categories?post=33968"},{"taxonomy":"post_tag","embeddable":true,"href":"https:\/\/actualizateiguazu.com\/v3\/wp-json\/wp\/v2\/tags?post=33968"}],"curies":[{"name":"wp","href":"https:\/\/api.w.org\/{rel}","templated":true}]}}