{"id":33976,"date":"2022-12-15T19:36:56","date_gmt":"2022-12-15T22:36:56","guid":{"rendered":"https:\/\/actualizateiguazu.com\/v3\/?p=33976"},"modified":"2022-12-15T19:36:58","modified_gmt":"2022-12-15T22:36:58","slug":"el-frente-renovador-definio-la-fecha-de-elecciones-y-las-candidaturas-para-el-ejecutivo-y-el-senado","status":"publish","type":"post","link":"https:\/\/actualizateiguazu.com\/v3\/2022\/12\/15\/el-frente-renovador-definio-la-fecha-de-elecciones-y-las-candidaturas-para-el-ejecutivo-y-el-senado\/","title":{"rendered":"El Frente Renovador defini\u00f3 la fecha de elecciones y las candidaturas para el Ejecutivo y el Senado"},"content":{"rendered":"\n<p><strong>Misiones ya defini\u00f3 cu\u00e1ndo ir\u00e1 a las urnas, y en los pr\u00f3ximos d\u00edas saldr\u00e1 el decreto que as\u00ed lo ordena.<\/strong> El oficialismo ya tiene dupla definida para la elecci\u00f3n a gobernador, y faltan definiciones en la lista de diputados. El candidato a senador tambi\u00e9n fue resuelto.<\/p>\n\n\n\n<p>En un encuentro que se desarroll\u00f3 esta tarde, encabezado por Carlos Rovira como l\u00edder del espacio, con la presencia del gobernador Oscar Herrera Ahuad, y el resto de la c\u00fapula del Frente Renovador, se defini\u00f3 la fecha de las elecciones generales de la provincia, en la que se elegir\u00e1 el pr\u00f3ximo gobernador, a 20 diputados provinciales, a intendentes y concejales. Adem\u00e1s, <strong>en el mismo encuentro se defini\u00f3 como estar\u00e1 compuesta la oferta electoral para el Ejecutivo y para uno de los cargos nacionales que se pondr\u00e1n en juego para Misiones en octubre del a\u00f1o que viene.<\/strong><\/p>\n\n\n\n<p><strong>La elecci\u00f3n en la tierra colorada ser\u00e1 el 7 de mayo pr\u00f3ximo<\/strong>. Unos d\u00edas despu\u00e9s de que el gobernador Oscar Herrera Ahuad de su \u00faltimo discurso de gesti\u00f3n ante la C\u00e1mara de Diputados, para inaugurar el per\u00edodo ordinario de sesiones. Por lo que esa presentaci\u00f3n, que siempre oficia a modo de balance de gesti\u00f3n, ser\u00e1 tambi\u00e9n, en buena parte, una especie de cierre de campa\u00f1a.<\/p>\n\n\n\n<p>En cuanto a las candidaturas, el s\u00e1bado pasado en la Legislatura provincial Carlos Rovira hab\u00eda dicho que para el oficialismo de la tierra colorada se ven\u00eda el tiempo de \u201cuna amalgama entre la experiencia de los que ya han transitado el camino, y han dado su aporte. Y ese dinamismos y fuerza impulsora que ese fuego que solo las chicas y chicos j\u00f3venes con mentalidad abierta y alejados de los prejuicios, odios y resentimientos tienen\u201d. Pues bien, esa amalgama estar\u00e1 representada en la dupla entre Hugo Passalacqua, como candidato a gobernador, y Lucas Romero Spinelli como candidato a vicegobernador.<\/p>\n\n\n\n<p>El rol que jugar\u00e1 el actual gobernador, Oscar Herrera Ahuad ser\u00e1 el de jefe de campa\u00f1a. Mientras que el actual vicegobernador ser\u00e1 el candidato a senador que se ofrecer\u00e1 desde el Frente Renovador para la elecci\u00f3n nacional.<\/p>\n\n\n\n<p>Sobre la lista de diputados provinciales a\u00fan no hay novedades, y a partir de ahora, el oficialismo provincial comenzar\u00e1 tambi\u00e9n a definir a los candidatos a intendentes de cada localidad.<\/p>\n\n\n\n<p>Fuente: El Territorio<\/p>\n","protected":false},"excerpt":{"rendered":"<p>Misiones ya defini\u00f3 cu\u00e1ndo ir\u00e1 a las urnas, y en los pr\u00f3ximos d\u00edas saldr\u00e1 el<\/p>\n","protected":false},"author":1,"featured_media":33977,"comment_status":"open","ping_status":"open","sticky":false,"template":"","format":"standard","meta":{"footnotes":""},"categories":[1,229],"tags":[],"class_list":["post-33976","post","type-post","status-publish","format-standard","has-post-thumbnail","hentry","category-actualidad","category-provinciales"],"_links":{"self":[{"href":"https:\/\/actualizateiguazu.com\/v3\/wp-json\/wp\/v2\/posts\/33976","targetHints":{"allow":["GET"]}}],"collection":[{"href":"https:\/\/actualizateiguazu.com\/v3\/wp-json\/wp\/v2\/posts"}],"about":[{"href":"https:\/\/actualizateiguazu.com\/v3\/wp-json\/wp\/v2\/types\/post"}],"author":[{"embeddable":true,"href":"https:\/\/actualizateiguazu.com\/v3\/wp-json\/wp\/v2\/users\/1"}],"replies":[{"embeddable":true,"href":"https:\/\/actualizateiguazu.com\/v3\/wp-json\/wp\/v2\/comments?post=33976"}],"version-history":[{"count":1,"href":"https:\/\/actualizateiguazu.com\/v3\/wp-json\/wp\/v2\/posts\/33976\/revisions"}],"predecessor-version":[{"id":33978,"href":"https:\/\/actualizateiguazu.com\/v3\/wp-json\/wp\/v2\/posts\/33976\/revisions\/33978"}],"wp:featuredmedia":[{"embeddable":true,"href":"https:\/\/actualizateiguazu.com\/v3\/wp-json\/wp\/v2\/media\/33977"}],"wp:attachment":[{"href":"https:\/\/actualizateiguazu.com\/v3\/wp-json\/wp\/v2\/media?parent=33976"}],"wp:term":[{"taxonomy":"category","embeddable":true,"href":"https:\/\/actualizateiguazu.com\/v3\/wp-json\/wp\/v2\/categories?post=33976"},{"taxonomy":"post_tag","embeddable":true,"href":"https:\/\/actualizateiguazu.com\/v3\/wp-json\/wp\/v2\/tags?post=33976"}],"curies":[{"name":"wp","href":"https:\/\/api.w.org\/{rel}","templated":true}]}}