{"id":33979,"date":"2022-12-15T19:49:23","date_gmt":"2022-12-15T22:49:23","guid":{"rendered":"https:\/\/actualizateiguazu.com\/v3\/?p=33979"},"modified":"2022-12-15T19:49:25","modified_gmt":"2022-12-15T22:49:25","slug":"los-medicamentos-solo-podran-aumentar-3-8-mensual-hasta-marzo-de-2023","status":"publish","type":"post","link":"https:\/\/actualizateiguazu.com\/v3\/2022\/12\/15\/los-medicamentos-solo-podran-aumentar-3-8-mensual-hasta-marzo-de-2023\/","title":{"rendered":"Los medicamentos solo podr\u00e1n aumentar 3.8% mensual hasta marzo de 2023"},"content":{"rendered":"\n<p>El ministro de Econom\u00eda, Sergio Massa, junto con el secretario de Comercio, Mat\u00edas Tombolini, acord\u00f3 hoy con las c\u00e1maras del sector farmac\u00e9utico un sendero de precios desde diciembre hasta el 31 de marzo de 2023 para los medicamentos.<\/p>\n\n\n\n<p>A partir de este acuerdo, el precio de los medicamentos s\u00f3lo podr\u00e1 aumentar hasta un 3,8% mensual, teniendo en cuenta el \u00faltimo precio sugerido de venta al p\u00fablico del mes de noviembre de 2022. Tambi\u00e9n se prev\u00e9 una cl\u00e1usula gatillo por la cual, en caso de que la inflaci\u00f3n supere el 5%, al mes siguiente las empresas podr\u00e1n aplicar un aumento hasta un punto por debajo de la medici\u00f3n del INDEC.<\/p>\n\n\n\n<p>Forman parte de dicho entendimiento con el sector los medicamentos de venta bajo receta y quedan excluidos los de venta libre.<\/p>\n\n\n\n<p>\u201cEl dato de inflaci\u00f3n nos tranquiliza porque venimos recorriendo un sendero de reducci\u00f3n de la inflaci\u00f3n. Asumimos hace 4 meses con siete puntos y medio y venimos paulatinamente logrando bajar la inflaci\u00f3n. No nos conforma, tenemos que seguir bajando la inflaci\u00f3n y eso requiere cumplir las metas del orden fiscal, la acumulaci\u00f3n de reservas para fortalecer nuestra moneda y plantear un modelo de desarrollo con inclusi\u00f3n\u201d, recalc\u00f3 el ministro durante el encuentro realizado en el Palacio de Hacienda.<\/p>\n\n\n\n<p>En ese marco, recalc\u00f3 que \u201clos medicamentos en la vida cotidiana de la gente son s\u00faper importantes\u201d por lo que agradeci\u00f3 \u201cel esfuerzo\u201d de los empresarios al participar en este acuerdo.<\/p>\n\n\n\n<p>\u201cEstamos convencidos de que nosotros tenemos la responsabilidad de ordenar macroecon\u00f3micamente la Argentina. En el mientras tanto tenemos la tarea de construir juntos un sendero a la baja de los precios que le de tranquilidad a la gente y que nos permita recuperar el ingreso\u201d, indic\u00f3.<\/p>\n\n\n\n<p>Por su parte, Tombolini, destac\u00f3 que \u201ceste acuerdo que es muy importante porque es una se\u00f1al que construye previsibilidad para las empresas, pero por sobre todas las cosas, para quien compra los remedios todos los meses\u201d.<\/p>\n\n\n\n<p>\u201cEste paso significa seguir consolidando la hoja de ruta del ministro desde el d\u00eda que asumi\u00f3. Esta semana cerramos acuerdos con distintos sectores de la econom\u00eda argentina como celulares, insumos difundidos, calzado deportivo y ahora logramos cerrar este que para nosotros tambi\u00e9n es fundamental\u201d, se\u00f1al\u00f3 el secretario de Comercio.<\/p>\n\n\n\n<p>De esta manera, el Ministerio de Econom\u00eda contin\u00faa con la implementaci\u00f3n de herramientas para poner orden en los precios y llevar previsibilidad y alivio a los argentinos y argentinas. En este caso, tambi\u00e9n se busca asegurar el acceso a algo tan fundamental como son los medicamentos.<\/p>\n\n\n\n<p>Participaron del encuentro, por la Secretar\u00eda de Comercio, el subsecretario de Pol\u00edtica y Gesti\u00f3n Comercial, Germ\u00e1n Cervantes, y la subsecretaria de Pol\u00edticas para el Mercado Interno, Anastasia Daicich; mientras que por el Ministerio de Salud estuvo presente la subsecretaria de Medicamentos, Natalia Grinblat.<\/p>\n\n\n\n<p>Tambi\u00e9n estuvieron presentes, el presidente de la C\u00e1mara Industrial de Laboratorios Farmac\u00e9uticos Argentinos (Cilfa), Eduardo Macchiavello, y el apoderado de esa organizaci\u00f3n, Claudio Riganti.<\/p>\n\n\n\n<p>Por la C\u00e1mara Empresaria de Laboratorios Farmac\u00e9uticos COOPERALA, estuvieron su presidente, Marcelo Burstein; el gerente, Juan Jos\u00e9 Marconi; el secretario, Jorge Besser; el vocal Fernando Casais; y el revisor de Cuentas Mario Weintraub.<\/p>\n\n\n\n<p>En tanto, por la C\u00e1mara Argentina de Especialidades Medicinales (CAEME), participaron el presidente, Gast\u00f3n Dom\u00ednguez Caetano; el director Ejecutivo, Carlos Escobar Herr\u00e1n; y la directora de Asuntos Externos, Daniela Raposo.<\/p>\n\n\n\n<p>Tambi\u00e9n participaron Carlos Soto (Federaci\u00f3n Argentina de C\u00e1maras de Farmacias), Carlos Aranguren (Confederaci\u00f3n Farmac\u00e9utica Argentina), Dami\u00e1n Sudano (Federaci\u00f3n Farmac\u00e9utica), y Federico Fischer (Asociaci\u00f3n de Propietarios de Farmacias Argentinas).<\/p>\n","protected":false},"excerpt":{"rendered":"<p>El ministro de Econom\u00eda, Sergio Massa, junto con el secretario de Comercio, Mat\u00edas Tombolini, acord\u00f3<\/p>\n","protected":false},"author":1,"featured_media":33980,"comment_status":"open","ping_status":"open","sticky":false,"template":"","format":"standard","meta":{"footnotes":""},"categories":[1,227],"tags":[],"class_list":["post-33979","post","type-post","status-publish","format-standard","has-post-thumbnail","hentry","category-actualidad","category-nacionales"],"_links":{"self":[{"href":"https:\/\/actualizateiguazu.com\/v3\/wp-json\/wp\/v2\/posts\/33979","targetHints":{"allow":["GET"]}}],"collection":[{"href":"https:\/\/actualizateiguazu.com\/v3\/wp-json\/wp\/v2\/posts"}],"about":[{"href":"https:\/\/actualizateiguazu.com\/v3\/wp-json\/wp\/v2\/types\/post"}],"author":[{"embeddable":true,"href":"https:\/\/actualizateiguazu.com\/v3\/wp-json\/wp\/v2\/users\/1"}],"replies":[{"embeddable":true,"href":"https:\/\/actualizateiguazu.com\/v3\/wp-json\/wp\/v2\/comments?post=33979"}],"version-history":[{"count":1,"href":"https:\/\/actualizateiguazu.com\/v3\/wp-json\/wp\/v2\/posts\/33979\/revisions"}],"predecessor-version":[{"id":33981,"href":"https:\/\/actualizateiguazu.com\/v3\/wp-json\/wp\/v2\/posts\/33979\/revisions\/33981"}],"wp:featuredmedia":[{"embeddable":true,"href":"https:\/\/actualizateiguazu.com\/v3\/wp-json\/wp\/v2\/media\/33980"}],"wp:attachment":[{"href":"https:\/\/actualizateiguazu.com\/v3\/wp-json\/wp\/v2\/media?parent=33979"}],"wp:term":[{"taxonomy":"category","embeddable":true,"href":"https:\/\/actualizateiguazu.com\/v3\/wp-json\/wp\/v2\/categories?post=33979"},{"taxonomy":"post_tag","embeddable":true,"href":"https:\/\/actualizateiguazu.com\/v3\/wp-json\/wp\/v2\/tags?post=33979"}],"curies":[{"name":"wp","href":"https:\/\/api.w.org\/{rel}","templated":true}]}}